{"id":1313,"date":"2021-06-07T13:59:52","date_gmt":"2021-06-07T13:59:52","guid":{"rendered":"https:\/\/www.lepointensante.com\/colloque-pour-le-mieux-etre-des-aines\/?p=1313"},"modified":"2021-06-10T20:30:59","modified_gmt":"2021-06-10T20:30:59","slug":"le-role-et-le-cadre-du-volet-medical-dans-les-soins-de-longue-duree-pour-la-decennie-de-lapres-pandemie","status":"publish","type":"post","link":"https:\/\/www.lepointensante.com\/colloque-pour-le-mieux-etre-des-aines\/2021\/06\/07\/le-role-et-le-cadre-du-volet-medical-dans-les-soins-de-longue-duree-pour-la-decennie-de-lapres-pandemie\/","title":{"rendered":"Le r\u00f4le et le cadre du volet m\u00e9dical dans les soins de longue dur\u00e9e pour la d\u00e9cennie de l&rsquo;apr\u00e8s-pand\u00e9mie"},"content":{"rendered":"<div id=\"attachment_1315\" style=\"width: 310px\" class=\"wp-caption alignleft\"><img loading=\"lazy\" decoding=\"async\" aria-describedby=\"caption-attachment-1315\" class=\"size-medium wp-image-1315\" src=\"https:\/\/www.lepointensante.com\/colloque-pour-le-mieux-etre-des-aines\/wp-content\/uploads\/sites\/16\/2021\/06\/Elise-Boulanger-300x300.jpg\" alt=\"\" width=\"300\" height=\"300\" \/><p id=\"caption-attachment-1315\" class=\"wp-caption-text\"><em><strong>\u00c9lise Boulanger<\/strong><\/em>, MDCM, CCFP, B.Eng., MScM, M\u00e9decin de famille, CHSLD Father Dowd, et Co-pr\u00e9sidente, Communaut\u00e9 de pratique des m\u00e9decins en CHSLD \u2013 Coll\u00e8ge qu\u00e9b\u00e9cois des m\u00e9decins de famille<\/p><\/div>\n<p>Cette conf\u00e9rence portera sur le r\u00f4le et le cadre du volet m\u00e9dical dans les soins de longue dur\u00e9e au Qu\u00e9bec pour la d\u00e9cennie de l&rsquo;apr\u00e8s-pand\u00e9mie. Dre Boulanger, co-pr\u00e9sidente de la Communaut\u00e9 de pratique des m\u00e9decins en CHSLD, pr\u00e9voit aborder les th\u00e8mes suivants:<\/p>\n<ol>\n<li>Communaut\u00e9 de pratique des m\u00e9decins en CHSLD : sa mission et ses actions<\/li>\n<li>N\u00e9cessit\u00e9 du r\u00f4le m\u00e9dical avec l&rsquo;\u00e9volution des besoins de soins en contexte de longue dur\u00e9e<\/li>\n<li>Co-gestion m\u00e9dicale<\/li>\n<li>Cadre de r\u00e9f\u00e9rence et les principes directeurs : travaux en collaboration avec le Minist\u00e8re et la Direction des a\u00een\u00e9s et des<br \/>\nproches aidants<\/li>\n<\/ol>\n","protected":false},"excerpt":{"rendered":"<p>Cette conf\u00e9rence portera sur le r\u00f4le et le cadre du volet m\u00e9dical dans les soins de longue dur\u00e9e au Qu\u00e9bec pour la d\u00e9cennie de l&rsquo;apr\u00e8s-pand\u00e9mie. Dre Boulanger, co-pr\u00e9sidente de la Communaut\u00e9 de pratique des m\u00e9decins en CHSLD, pr\u00e9voit aborder les th\u00e8mes suivants: Communaut\u00e9 de pratique des m\u00e9decins en CHSLD : sa mission et ses actions [&hellip;]<\/p>\n","protected":false},"author":7,"featured_media":0,"comment_status":"open","ping_status":"open","sticky":false,"template":"","format":"standard","meta":{"_et_pb_use_builder":"","_et_pb_old_content":"","_et_gb_content_width":"","_exactmetrics_skip_tracking":false,"_exactmetrics_sitenote_active":false,"_exactmetrics_sitenote_note":"","_exactmetrics_sitenote_category":0,"footnotes":""},"categories":[26,21],"tags":[],"class_list":["post-1313","post","type-post","status-publish","format-standard","hentry","category-conferences-programmation","category-programmation"],"_links":{"self":[{"href":"https:\/\/www.lepointensante.com\/colloque-pour-le-mieux-etre-des-aines\/wp-json\/wp\/v2\/posts\/1313","targetHints":{"allow":["GET"]}}],"collection":[{"href":"https:\/\/www.lepointensante.com\/colloque-pour-le-mieux-etre-des-aines\/wp-json\/wp\/v2\/posts"}],"about":[{"href":"https:\/\/www.lepointensante.com\/colloque-pour-le-mieux-etre-des-aines\/wp-json\/wp\/v2\/types\/post"}],"author":[{"embeddable":true,"href":"https:\/\/www.lepointensante.com\/colloque-pour-le-mieux-etre-des-aines\/wp-json\/wp\/v2\/users\/7"}],"replies":[{"embeddable":true,"href":"https:\/\/www.lepointensante.com\/colloque-pour-le-mieux-etre-des-aines\/wp-json\/wp\/v2\/comments?post=1313"}],"version-history":[{"count":5,"href":"https:\/\/www.lepointensante.com\/colloque-pour-le-mieux-etre-des-aines\/wp-json\/wp\/v2\/posts\/1313\/revisions"}],"predecessor-version":[{"id":1531,"href":"https:\/\/www.lepointensante.com\/colloque-pour-le-mieux-etre-des-aines\/wp-json\/wp\/v2\/posts\/1313\/revisions\/1531"}],"wp:attachment":[{"href":"https:\/\/www.lepointensante.com\/colloque-pour-le-mieux-etre-des-aines\/wp-json\/wp\/v2\/media?parent=1313"}],"wp:term":[{"taxonomy":"category","embeddable":true,"href":"https:\/\/www.lepointensante.com\/colloque-pour-le-mieux-etre-des-aines\/wp-json\/wp\/v2\/categories?post=1313"},{"taxonomy":"post_tag","embeddable":true,"href":"https:\/\/www.lepointensante.com\/colloque-pour-le-mieux-etre-des-aines\/wp-json\/wp\/v2\/tags?post=1313"}],"curies":[{"name":"wp","href":"https:\/\/api.w.org\/{rel}","templated":true}]}}