{"id":1423,"date":"2021-06-09T14:21:12","date_gmt":"2021-06-09T14:21:12","guid":{"rendered":"https:\/\/www.lepointensante.com\/colloque-pour-le-mieux-etre-des-aines\/?p=1423"},"modified":"2021-06-29T14:10:00","modified_gmt":"2021-06-29T14:10:00","slug":"atelier-1-3-facteurs-dinfluence-dans-la-prise-en-charge-des-symptomes-psychologiques-et-comportementaux-de-la-demence","status":"publish","type":"post","link":"https:\/\/www.lepointensante.com\/colloque-pour-le-mieux-etre-des-aines\/2021\/06\/09\/atelier-1-3-facteurs-dinfluence-dans-la-prise-en-charge-des-symptomes-psychologiques-et-comportementaux-de-la-demence\/","title":{"rendered":"Atelier 1-3 Facteurs d&rsquo;influence dans la prise en charge des sympt\u00f4mes psychologiques et comportementaux de la d\u00e9mence"},"content":{"rendered":"<p>[et_pb_section fb_built=\u00a0\u00bb1&Prime; _builder_version=\u00a0\u00bb3.22&Prime;][et_pb_row _builder_version=\u00a0\u00bb3.25&Prime; background_size=\u00a0\u00bbinitial\u00a0\u00bb background_position=\u00a0\u00bbtop_left\u00a0\u00bb background_repeat=\u00a0\u00bbrepeat\u00a0\u00bb][et_pb_column type=\u00a0\u00bb4_4&Prime; _builder_version=\u00a0\u00bb3.25&Prime; custom_padding=\u00a0\u00bb|||\u00a0\u00bb custom_padding__hover=\u00a0\u00bb|||\u00a0\u00bb][et_pb_text _builder_version=\u00a0\u00bb4.0.10&Prime; background_size=\u00a0\u00bbinitial\u00a0\u00bb background_position=\u00a0\u00bbtop_left\u00a0\u00bb background_repeat=\u00a0\u00bbrepeat\u00a0\u00bb hover_enabled=\u00a0\u00bb0&Prime;]<div id=\"attachment_1341\" style=\"width: 310px\" class=\"wp-caption alignleft\"><img loading=\"lazy\" decoding=\"async\" aria-describedby=\"caption-attachment-1341\" class=\"wp-image-1341 size-medium\" src=\"https:\/\/www.lepointensante.com\/colloque-pour-le-mieux-etre-des-aines\/wp-content\/uploads\/sites\/16\/2021\/06\/KD2-300x300.jpg\" alt=\"\" width=\"300\" height=\"300\" \/><p id=\"caption-attachment-1341\" class=\"wp-caption-text\"><em><strong>Karen Debas<\/strong><\/em>,\u00a0Ph. D., Neuropsychologue, Institut Universitaire en sant\u00e9 mentale de Montr\u00e9al<\/p><\/div><div id=\"attachment_1339\" style=\"width: 310px\" class=\"wp-caption alignleft\"><img loading=\"lazy\" decoding=\"async\" aria-describedby=\"caption-attachment-1339\" class=\"wp-image-1339 size-medium\" src=\"https:\/\/www.lepointensante.com\/colloque-pour-le-mieux-etre-des-aines\/wp-content\/uploads\/sites\/16\/2021\/06\/JB2-300x300.jpg\" alt=\"\" width=\"300\" height=\"300\" \/><p id=\"caption-attachment-1339\" class=\"wp-caption-text\"><em><strong>Joanny Beauchamp<\/strong><\/em>, Ergoth\u00e9rapeute, Institut Universitaire en sant\u00e9 mentale de Montr\u00e9al<\/p><\/div><\/p>\n<p style=\"text-align: justify;\">Dans le contexte de la premi\u00e8re vague de COVID-19, notre \u00e9quipe sp\u00e9cialis\u00e9e en sympt\u00f4mes psychologiques et comportementaux de la d\u00e9mence (SCPD) fut d\u00e9ploy\u00e9e dans un site non traditionnel h\u00e9bergeant des a\u00een\u00e9s avec trouble neurocognitif majeur et SCPD, pour qui le respect des mesures de confinement repr\u00e9sentait un d\u00e9fi. Notre r\u00f4le \u00e9tait de supporter l\u2019\u00e9quipe en place, peu exp\u00e9riment\u00e9e avec cette client\u00e8le.<\/p>\n<p style=\"text-align: justify;\">Cette exp\u00e9rience nous a d\u00e9montr\u00e9 qu\u2019il \u00e9tait possible, pour du personnel novice, d\u2019int\u00e9grer rapidement les principes d\u2019approche centr\u00e9e sur la personne et les strat\u00e9gies non pharmacologiques de gestion des SCPD. Diff\u00e9rents facteurs li\u00e9s \u00e0 l\u2019environnement et au contexte furent identifi\u00e9s comme facilitateurs dans la prise en charge des SCPD. Il s\u2019agit de la culture et du leadership organisationnels, de la pr\u00e9sence \u00e0 temps plein d\u2019une \u00e9quipe sp\u00e9cialis\u00e9e, de m\u00e9thodes d\u2019apprentissage diversifi\u00e9es, d\u2019outils innovants, de la motivation, de la perception positive du r\u00f4le de l\u2019\u00e9quipe, de la multidisciplinarit\u00e9 et du bon ratio personnel-r\u00e9sident. Ces facteurs apparaissent op\u00e9rer de fa\u00e7on synergique. Notamment, le bon ratio personnel-r\u00e9sident et le fait que l\u2019\u00e9quipe sp\u00e9cialis\u00e9e soit facilement accessible ont jou\u00e9 un r\u00f4le important dans le d\u00e9ploiement des autres facilitateurs. En effet, la pr\u00e9sence suffisante d\u2019effectif a procur\u00e9 au personnel le temps n\u00e9cessaire pour r\u00e9fl\u00e9chir aux situations probl\u00e9matiques et pour demander de l\u2019aide lorsque requis, ce qui a favoris\u00e9 en retour la motivation et l\u2019int\u00e9gration des strat\u00e9gies enseign\u00e9es.<\/p>\n<p style=\"text-align: justify;\">De m\u00eame, la pr\u00e9sence \u00e0 temps plein de l\u2019\u00e9quipe sp\u00e9cialis\u00e9e, int\u00e9gr\u00e9e aux autres employ\u00e9s, a favoris\u00e9 le recours \u00e0 des m\u00e9thodes d\u2019apprentissage vari\u00e9es et \u00e0 des r\u00e9troactions rapides. Finalement, le leadership positif des gestionnaires, qui valorisaient les m\u00e9thodes non pharmacologiques, a amen\u00e9 les pr\u00e9pos\u00e9s et aides de service \u00e0 percevoir toute la port\u00e9e de leur r\u00f4le dans le bien-\u00eatre des usagers. Jusqu\u2019\u00e0 pr\u00e9sent, de tels facilitateurs favorisant la prise en charge des SCPD ont re\u00e7u peu d\u2019attention dans la litt\u00e9rature comparativement aux interventions individuelles. Pourtant, ces facilitateurs pourraient \u00eatre d\u00e9terminants pour expliquer l\u2019efficacit\u00e9 de nos interventions. Par cons\u00e9quent, tenir compte du contexte dans lequel les interventions non pharmacologiques sont effectu\u00e9es aiderait \u00e0 mieux saisir la complexit\u00e9 des SCPD et m\u00e8nerait \u00e0 de plus grands impacts cliniques.<\/p>\n<p>[\/et_pb_text][\/et_pb_column][\/et_pb_row][\/et_pb_section]<\/p>\n","protected":false},"excerpt":{"rendered":"<p>Dans le contexte de la premi\u00e8re vague de COVID-19, notre \u00e9quipe sp\u00e9cialis\u00e9e en sympt\u00f4mes psychologiques et comportementaux de la d\u00e9mence (SCPD) fut d\u00e9ploy\u00e9e dans un site non traditionnel h\u00e9bergeant des a\u00een\u00e9s avec trouble neurocognitif majeur et SCPD, pour qui le respect des mesures de confinement repr\u00e9sentait un d\u00e9fi. Notre r\u00f4le \u00e9tait de supporter l\u2019\u00e9quipe en [&hellip;]<\/p>\n","protected":false},"author":7,"featured_media":0,"comment_status":"closed","ping_status":"closed","sticky":false,"template":"","format":"standard","meta":{"_et_pb_use_builder":"on","_et_pb_old_content":"[caption id=\"attachment_1341\" align=\"alignleft\" width=\"300\"]<img class=\"wp-image-1341 size-medium\" src=\"https:\/\/www.lepointensante.com\/colloque-pour-le-mieux-etre-des-aines\/wp-content\/uploads\/sites\/16\/2021\/06\/KD2-300x300.jpg\" alt=\"\" width=\"300\" height=\"300\" \/> <em><strong>Karen Debas<\/strong><\/em>, Neuropsychologue, Institut Universitaire en sant\u00e9 mentale de Montr\u00e9al[\/caption][caption id=\"attachment_1339\" align=\"alignleft\" width=\"300\"]<img class=\"wp-image-1339 size-medium\" src=\"https:\/\/www.lepointensante.com\/colloque-pour-le-mieux-etre-des-aines\/wp-content\/uploads\/sites\/16\/2021\/06\/JB2-300x300.jpg\" alt=\"\" width=\"300\" height=\"300\" \/> <em><strong>Joanny Beauchamp<\/strong><\/em>, Ergoth\u00e9rapeute, Institut Universitaire en sant\u00e9 mentale de Montr\u00e9al[\/caption]<p>Dans le contexte de la premi\u00e8re vague de COVID-19, notre \u00e9quipe sp\u00e9cialis\u00e9e en sympt\u00f4mes psychologiques et comportementaux de la d\u00e9mence (SCPD) fut d\u00e9ploy\u00e9e dans un site non traditionnel h\u00e9bergeant des a\u00een\u00e9s avec trouble neurocognitif majeur et SCPD, pour qui le respect des mesures de confinement repr\u00e9sentait un d\u00e9fi. Notre r\u00f4le \u00e9tait de supporter l\u2019\u00e9quipe en place, peu exp\u00e9riment\u00e9e avec cette client\u00e8le.<\/p><p>Cette exp\u00e9rience nous a d\u00e9montr\u00e9 qu\u2019il \u00e9tait possible, pour du personnel novice, d\u2019int\u00e9grer rapidement les principes d\u2019approche centr\u00e9e sur la personne et les strat\u00e9gies non pharmacologiques de gestion des SCPD. Diff\u00e9rents facteurs li\u00e9s \u00e0 l\u2019environnement et au contexte furent identifi\u00e9s comme facilitateurs dans la prise en charge des SCPD. Il s\u2019agit de la culture et du leadership organisationnels, de la pr\u00e9sence \u00e0 temps plein d\u2019une \u00e9quipe sp\u00e9cialis\u00e9e, de m\u00e9thodes d\u2019apprentissage diversifi\u00e9es, d\u2019outils innovants, de la motivation, de la perception positive du r\u00f4le de l\u2019\u00e9quipe, de la multidisciplinarit\u00e9 et du bon ratio personnel-r\u00e9sident. Ces facteurs apparaissent op\u00e9rer de fa\u00e7on synergique. Notamment, le bon ratio personnel-r\u00e9sident, et le fait que l\u2019\u00e9quipe sp\u00e9cialis\u00e9e soit facilement accessible, ont jou\u00e9 un r\u00f4le important dans le d\u00e9ploiement des autres facilitateurs. En effet, la pr\u00e9sence suffisante d\u2019effectif a procur\u00e9 au personnel le temps n\u00e9cessaire pour r\u00e9fl\u00e9chir aux situations probl\u00e9matiques et pour demander de l\u2019aide lorsque requis, ce qui a favoris\u00e9 en retour la motivation et l\u2019int\u00e9gration des strat\u00e9gies enseign\u00e9es.<\/p><p>De m\u00eame, la pr\u00e9sence \u00e0 temps plein de l\u2019\u00e9quipe sp\u00e9cialis\u00e9e, int\u00e9gr\u00e9e aux autres employ\u00e9s, a favoris\u00e9 le recours \u00e0 des m\u00e9thodes d\u2019apprentissage vari\u00e9es et \u00e0 des r\u00e9troactions rapides. Finalement, le leadership positif des gestionnaires, qui valorisaient les m\u00e9thodes non pharmacologiques, a amen\u00e9 les pr\u00e9pos\u00e9s et aides de service \u00e0 percevoir toute la port\u00e9e de leur r\u00f4le dans le bien-\u00eatre des usagers. Jusqu\u2019\u00e0 pr\u00e9sent, de tels facilitateurs favorisant la prise en charge des SCPD ont re\u00e7u peu d\u2019attention dans la litt\u00e9rature comparativement aux interventions individuelles. Pourtant, ces facilitateurs pourraient \u00eatre d\u00e9terminants pour expliquer l\u2019efficacit\u00e9 de nos interventions. Par cons\u00e9quent, tenir compte du contexte dans lequel les interventions non pharmacologiques sont effectu\u00e9es aiderait \u00e0 mieux saisir la complexit\u00e9 des SCPD et m\u00e8nerait \u00e0 de plus grands impacts cliniques.<\/p>","_et_gb_content_width":"","_exactmetrics_skip_tracking":false,"_exactmetrics_sitenote_active":false,"_exactmetrics_sitenote_note":"","_exactmetrics_sitenote_category":0,"footnotes":""},"categories":[25,21],"tags":[],"class_list":["post-1423","post","type-post","status-publish","format-standard","hentry","category-ateliers","category-programmation"],"_links":{"self":[{"href":"https:\/\/www.lepointensante.com\/colloque-pour-le-mieux-etre-des-aines\/wp-json\/wp\/v2\/posts\/1423","targetHints":{"allow":["GET"]}}],"collection":[{"href":"https:\/\/www.lepointensante.com\/colloque-pour-le-mieux-etre-des-aines\/wp-json\/wp\/v2\/posts"}],"about":[{"href":"https:\/\/www.lepointensante.com\/colloque-pour-le-mieux-etre-des-aines\/wp-json\/wp\/v2\/types\/post"}],"author":[{"embeddable":true,"href":"https:\/\/www.lepointensante.com\/colloque-pour-le-mieux-etre-des-aines\/wp-json\/wp\/v2\/users\/7"}],"replies":[{"embeddable":true,"href":"https:\/\/www.lepointensante.com\/colloque-pour-le-mieux-etre-des-aines\/wp-json\/wp\/v2\/comments?post=1423"}],"version-history":[{"count":8,"href":"https:\/\/www.lepointensante.com\/colloque-pour-le-mieux-etre-des-aines\/wp-json\/wp\/v2\/posts\/1423\/revisions"}],"predecessor-version":[{"id":1690,"href":"https:\/\/www.lepointensante.com\/colloque-pour-le-mieux-etre-des-aines\/wp-json\/wp\/v2\/posts\/1423\/revisions\/1690"}],"wp:attachment":[{"href":"https:\/\/www.lepointensante.com\/colloque-pour-le-mieux-etre-des-aines\/wp-json\/wp\/v2\/media?parent=1423"}],"wp:term":[{"taxonomy":"category","embeddable":true,"href":"https:\/\/www.lepointensante.com\/colloque-pour-le-mieux-etre-des-aines\/wp-json\/wp\/v2\/categories?post=1423"},{"taxonomy":"post_tag","embeddable":true,"href":"https:\/\/www.lepointensante.com\/colloque-pour-le-mieux-etre-des-aines\/wp-json\/wp\/v2\/tags?post=1423"}],"curies":[{"name":"wp","href":"https:\/\/api.w.org\/{rel}","templated":true}]}}