{"id":1431,"date":"2021-06-09T14:29:59","date_gmt":"2021-06-09T14:29:59","guid":{"rendered":"https:\/\/www.lepointensante.com\/colloque-pour-le-mieux-etre-des-aines\/?p=1431"},"modified":"2021-06-10T20:03:59","modified_gmt":"2021-06-10T20:03:59","slug":"atelier-1-4-adapter-un-nouveau-modele-de-milieu-de-vie-small-scale-pour-les-personnes-agees-quebecoises-en-grande-perte-dautonomie-cognitive-une-etude-de-pre-implantation","status":"publish","type":"post","link":"https:\/\/www.lepointensante.com\/colloque-pour-le-mieux-etre-des-aines\/2021\/06\/09\/atelier-1-4-adapter-un-nouveau-modele-de-milieu-de-vie-small-scale-pour-les-personnes-agees-quebecoises-en-grande-perte-dautonomie-cognitive-une-etude-de-pre-implantation\/","title":{"rendered":"Atelier 1-4 Adapter un nouveau mod\u00e8le de milieu de vie \u00ab small-scale \u00bb pour les personnes \u00e2g\u00e9es qu\u00e9b\u00e9coises en grande perte d\u2019autonomie cognitive : Une \u00e9tude de pr\u00e9-implantation"},"content":{"rendered":"<p>[et_pb_section fb_built=\u00a0\u00bb1&Prime; _builder_version=\u00a0\u00bb3.22&Prime;][et_pb_row _builder_version=\u00a0\u00bb3.25&Prime; background_size=\u00a0\u00bbinitial\u00a0\u00bb background_position=\u00a0\u00bbtop_left\u00a0\u00bb background_repeat=\u00a0\u00bbrepeat\u00a0\u00bb][et_pb_column type=\u00a0\u00bb4_4&Prime; _builder_version=\u00a0\u00bb3.25&Prime; custom_padding=\u00a0\u00bb|||\u00a0\u00bb custom_padding__hover=\u00a0\u00bb|||\u00a0\u00bb][et_pb_text _builder_version=\u00a0\u00bb4.0.10&Prime; background_size=\u00a0\u00bbinitial\u00a0\u00bb background_position=\u00a0\u00bbtop_left\u00a0\u00bb background_repeat=\u00a0\u00bbrepeat\u00a0\u00bb hover_enabled=\u00a0\u00bb0&Prime;]<div id=\"attachment_1347\" style=\"width: 310px\" class=\"wp-caption alignleft\"><img loading=\"lazy\" decoding=\"async\" aria-describedby=\"caption-attachment-1347\" class=\"wp-image-1347 size-medium\" src=\"https:\/\/www.lepointensante.com\/colloque-pour-le-mieux-etre-des-aines\/wp-content\/uploads\/sites\/16\/2021\/06\/SR2-300x300.jpg\" alt=\"\" width=\"300\" height=\"300\" \/><p id=\"caption-attachment-1347\" class=\"wp-caption-text\"><em><strong>Sarah Rahimaly<\/strong><\/em>, Ergoth\u00e9rapeute, \u00e9tudiante \u00e0 la ma\u00eetrise en g\u00e9rontologie, Universit\u00e9 de Sherbrooke<\/p><\/div><\/p>\n<p style=\"text-align: justify;\">Les a\u00een\u00e9s vivant dans les ressources d\u2019h\u00e9bergement \u00e9prouvent des difficult\u00e9s \u00e0 accomplir seuls les activit\u00e9s porteuses de sens pour eux (p. ex. prendre un caf\u00e9 au bistro, aller \u00e0 l\u2019\u00e9picerie), en raison notamment de troubles neurocognitifs majeurs. De nouveaux mod\u00e8les de milieux de vie, s\u2019inscrivant dans les approches nomm\u00e9es \u00ab small-scale \u00bb (ex. Hogeweyk, Green House Project, Green Care Farms), impliquent un environnement physique dot\u00e9 d\u2019un aspect r\u00e9sidentiel et communautaire, ainsi qu\u2019une approche de soins centr\u00e9e sur la personne, tout en favorisant la participation des r\u00e9sidents au quotidien.<\/p>\n<p style=\"text-align: justify;\">Ce projet vise \u00e0 adapter les approches \u00ab small-scale \u00bb au contexte qu\u00e9b\u00e9cois en vue d\u2019en faciliter l\u2019implantation au sein de ressources d\u2019h\u00e9bergement aupr\u00e8s d\u2019a\u00een\u00e9s en grande perte d\u2019autonomie cognitive. Des entrevues qualitatives aupr\u00e8s d\u2019acteurs-cl\u00e9 qu\u00e9b\u00e9cois et internationaux (n=7) ont permis de documenter leur exp\u00e9rience d\u2019implantation d\u2019approches \u00ab small-scale \u00bb, notamment en termes de barri\u00e8res, de facilitateurs et de pistes d\u2019am\u00e9lioration. Des r\u00e9sultats pr\u00e9liminaires \u00e9manent les barri\u00e8res relatives aux normes impos\u00e9es par les institutions dites traditionnelles et au changement de pratique des intervenants, ainsi que les facilitateurs relatifs \u00e0 l\u2019acceptabilit\u00e9 de l\u2019approche et au soutien d\u2019institutions ou d\u2019acteurs-cl\u00e9 ayant implant\u00e9 ces approches.<\/p>\n<p style=\"text-align: justify;\">La collaboration durant et suivant le processus d\u2019implantation, autant avec diff\u00e9rents experts intersectoriels (ex. architectes, d\u00e9cideurs) qu\u2019avec les familles des r\u00e9sidents, repr\u00e9sente une piste d\u2019am\u00e9lioration partag\u00e9e par les participants. Ensuite, des groupes de discussion focalis\u00e9e compos\u00e9s d\u2019a\u00een\u00e9s, d\u2019intervenants et de gestionnaires issus de ressources d\u2019h\u00e9bergement qu\u00e9b\u00e9coises (n=12 dans chacun des deux milieux) ont permis d\u2019explorer l\u2019applicabilit\u00e9 et l\u2019acceptabilit\u00e9 des approches et de proposer des modifications en vue de d\u00e9gager des conditions gagnantes pour un mod\u00e8le \u00ab pr\u00eat \u00e0 \u00eatre implant\u00e9 \u00bb. Les adaptations propos\u00e9es concernent notamment l\u2019acc\u00e8s s\u00e9curis\u00e9 des citoyens aux commerces au c\u0153ur de la ressource d\u2019h\u00e9bergement et r\u00e9it\u00e8rent le besoin de formation des intervenants pour p\u00e9renniser les changements \u00ab small-scale \u00bb propos\u00e9s.<\/p>\n<p style=\"text-align: justify;\">Ainsi, les approches \u00ab small-scale \u00bb, illustr\u00e9es par des exemples d\u2019implantation qu\u00e9b\u00e9cois et internationaux, ainsi que les r\u00e9sultats du pr\u00e9sent projet seront pr\u00e9sent\u00e9s. L\u2019\u00e9ventuelle implantation de ce type approche contribuera \u00e0 maintenir l\u2019engagement occupationnel et le bien-\u00eatre des a\u00een\u00e9s qu\u00e9b\u00e9cois en grande perte d\u2019autonomie cognitive.<\/p>\n<p>[\/et_pb_text][\/et_pb_column][\/et_pb_row][\/et_pb_section]<\/p>\n","protected":false},"excerpt":{"rendered":"<p>Les a\u00een\u00e9s vivant dans les ressources d\u2019h\u00e9bergement \u00e9prouvent des difficult\u00e9s \u00e0 accomplir seuls les activit\u00e9s porteuses de sens pour eux (p. ex. prendre un caf\u00e9 au bistro, aller \u00e0 l\u2019\u00e9picerie), en raison notamment de troubles neurocognitifs majeurs. De nouveaux mod\u00e8les de milieux de vie, s\u2019inscrivant dans les approches nomm\u00e9es \u00ab small-scale \u00bb (ex. Hogeweyk, Green [&hellip;]<\/p>\n","protected":false},"author":7,"featured_media":0,"comment_status":"closed","ping_status":"closed","sticky":false,"template":"","format":"standard","meta":{"_et_pb_use_builder":"on","_et_pb_old_content":"[caption id=\"attachment_1347\" align=\"alignleft\" width=\"300\"]<img class=\"wp-image-1347 size-medium\" src=\"https:\/\/www.lepointensante.com\/colloque-pour-le-mieux-etre-des-aines\/wp-content\/uploads\/sites\/16\/2021\/06\/SR2-300x300.jpg\" alt=\"\" width=\"300\" height=\"300\" \/> <em><strong>Sarah Rahimaly<\/strong><\/em>, Ergoth\u00e9rapeute, \u00e9tudiante \u00e0 la ma\u00eetrise en g\u00e9rontologie, Universit\u00e9 de Sherbrooke[\/caption]<p>Les a\u00een\u00e9s vivant dans les ressources d\u2019h\u00e9bergement \u00e9prouvent des difficult\u00e9s \u00e0 accomplir seuls les activit\u00e9s porteuses du sens pour eux (p. ex. prendre un caf\u00e9 au bistro, aller \u00e0 l\u2019\u00e9picerie), en raison notamment de troubles neurocognitifs majeurs. De nouveaux mod\u00e8les de milieux de vie, s\u2019inscrivant dans les approches nomm\u00e9es \u00ab small-scale \u00bb (ex. Hogeweyk, Green House Project, Green Care Farms), impliquent un environnement physique dot\u00e9 d\u2019un aspect r\u00e9sidentiel et communautaire, ainsi qu\u2019une approche de soins centr\u00e9e sur la personne, tout en favorisant la participation des r\u00e9sidents au quotidien.<\/p><p>Ce projet vise \u00e0 adapter les approches \u00ab small-scale \u00bb au contexte qu\u00e9b\u00e9cois en vue d\u2019en faciliter l\u2019implantation au sein de ressources d\u2019h\u00e9bergement aupr\u00e8s d\u2019a\u00een\u00e9s en grande perte d\u2019autonomie cognitive. Des entrevues qualitatives aupr\u00e8s d\u2019acteurs-cl\u00e9 qu\u00e9b\u00e9cois et internationaux (n=7) ont permis de documenter leur exp\u00e9rience d\u2019implantation d\u2019approches \u00ab small-scale \u00bb, notamment en termes de barri\u00e8res, de facilitateurs et de pistes d\u2019am\u00e9lioration. Des r\u00e9sultats pr\u00e9liminaires \u00e9manent les barri\u00e8res relatives aux normes impos\u00e9es par les institutions dites traditionnelles et au changement de pratique des intervenants, ainsi que les facilitateurs relatifs \u00e0 l\u2019acceptabilit\u00e9 de l\u2019approche et au support d\u2019institutions ou d\u2019acteurs-cl\u00e9 ayant implant\u00e9 ces approches.<\/p><p>La collaboration durant et suivant le processus d\u2019implantation, autant avec diff\u00e9rents experts intersectoriels (ex. architectes, d\u00e9cideurs) qu\u2019avec les familles des r\u00e9sidents, repr\u00e9sente une piste d\u2019am\u00e9lioration partag\u00e9e par les participants. Ensuite, des groupes de discussion focalis\u00e9s compos\u00e9s d\u2019a\u00een\u00e9s, d\u2019intervenants et de gestionnaires issus de ressources d\u2019h\u00e9bergement qu\u00e9b\u00e9coises (n=12 dans chacun des deux milieux) ont permis d\u2019explorer l\u2019applicabilit\u00e9 et l\u2019acceptabilit\u00e9 des approches et de proposer des modifications en vue de d\u00e9gager des conditions gagnantes pour un mod\u00e8le \u00ab pr\u00eat \u00e0 \u00eatre implant\u00e9 \u00bb. Les adaptations propos\u00e9es concernent notamment l\u2019acc\u00e8s s\u00e9curis\u00e9 des citoyens aux commerces au c\u0153ur de la ressource d\u2019h\u00e9bergement et r\u00e9it\u00e8rent le besoin de formation des intervenants pour p\u00e9renniser les changements \u00ab small-scale \u00bb propos\u00e9s.<\/p><p>Ainsi, les approches \u00ab small-scale \u00bb, illustr\u00e9es par des exemples d\u2019implantation qu\u00e9b\u00e9cois et internationaux, ainsi que les r\u00e9sultats du pr\u00e9sent projet, seront pr\u00e9sent\u00e9es. L\u2019\u00e9ventuelle implantation de ce type approche contribuera \u00e0 maintenir l\u2019engagement occupationnel et le bien-\u00eatre des a\u00een\u00e9s qu\u00e9b\u00e9cois en grande perte d\u2019autonomie cognitive.<\/p>","_et_gb_content_width":"","_exactmetrics_skip_tracking":false,"_exactmetrics_sitenote_active":false,"_exactmetrics_sitenote_note":"","_exactmetrics_sitenote_category":0,"footnotes":""},"categories":[25,21],"tags":[],"class_list":["post-1431","post","type-post","status-publish","format-standard","hentry","category-ateliers","category-programmation"],"_links":{"self":[{"href":"https:\/\/www.lepointensante.com\/colloque-pour-le-mieux-etre-des-aines\/wp-json\/wp\/v2\/posts\/1431","targetHints":{"allow":["GET"]}}],"collection":[{"href":"https:\/\/www.lepointensante.com\/colloque-pour-le-mieux-etre-des-aines\/wp-json\/wp\/v2\/posts"}],"about":[{"href":"https:\/\/www.lepointensante.com\/colloque-pour-le-mieux-etre-des-aines\/wp-json\/wp\/v2\/types\/post"}],"author":[{"embeddable":true,"href":"https:\/\/www.lepointensante.com\/colloque-pour-le-mieux-etre-des-aines\/wp-json\/wp\/v2\/users\/7"}],"replies":[{"embeddable":true,"href":"https:\/\/www.lepointensante.com\/colloque-pour-le-mieux-etre-des-aines\/wp-json\/wp\/v2\/comments?post=1431"}],"version-history":[{"count":6,"href":"https:\/\/www.lepointensante.com\/colloque-pour-le-mieux-etre-des-aines\/wp-json\/wp\/v2\/posts\/1431\/revisions"}],"predecessor-version":[{"id":1528,"href":"https:\/\/www.lepointensante.com\/colloque-pour-le-mieux-etre-des-aines\/wp-json\/wp\/v2\/posts\/1431\/revisions\/1528"}],"wp:attachment":[{"href":"https:\/\/www.lepointensante.com\/colloque-pour-le-mieux-etre-des-aines\/wp-json\/wp\/v2\/media?parent=1431"}],"wp:term":[{"taxonomy":"category","embeddable":true,"href":"https:\/\/www.lepointensante.com\/colloque-pour-le-mieux-etre-des-aines\/wp-json\/wp\/v2\/categories?post=1431"},{"taxonomy":"post_tag","embeddable":true,"href":"https:\/\/www.lepointensante.com\/colloque-pour-le-mieux-etre-des-aines\/wp-json\/wp\/v2\/tags?post=1431"}],"curies":[{"name":"wp","href":"https:\/\/api.w.org\/{rel}","templated":true}]}}