{"id":1438,"date":"2021-06-09T14:36:18","date_gmt":"2021-06-09T14:36:18","guid":{"rendered":"https:\/\/www.lepointensante.com\/colloque-pour-le-mieux-etre-des-aines\/?p=1438"},"modified":"2021-06-09T14:37:10","modified_gmt":"2021-06-09T14:37:10","slug":"atelier-1-5-comment-reconnaitre-et-impliquer-les-personnes-proches-aidantes","status":"publish","type":"post","link":"https:\/\/www.lepointensante.com\/colloque-pour-le-mieux-etre-des-aines\/2021\/06\/09\/atelier-1-5-comment-reconnaitre-et-impliquer-les-personnes-proches-aidantes\/","title":{"rendered":"Atelier 1-5 Comment reconnaitre et impliquer les personnes proches aidantes ?"},"content":{"rendered":"<p>[et_pb_section fb_built=\u00a0\u00bb1&Prime; _builder_version=\u00a0\u00bb3.22&Prime;][et_pb_row _builder_version=\u00a0\u00bb3.25&Prime; background_size=\u00a0\u00bbinitial\u00a0\u00bb background_position=\u00a0\u00bbtop_left\u00a0\u00bb background_repeat=\u00a0\u00bbrepeat\u00a0\u00bb][et_pb_column type=\u00a0\u00bb4_4&Prime; _builder_version=\u00a0\u00bb3.25&Prime; custom_padding=\u00a0\u00bb|||\u00a0\u00bb custom_padding__hover=\u00a0\u00bb|||\u00a0\u00bb][et_pb_text _builder_version=\u00a0\u00bb4.0.10&Prime; background_size=\u00a0\u00bbinitial\u00a0\u00bb background_position=\u00a0\u00bbtop_left\u00a0\u00bb background_repeat=\u00a0\u00bbrepeat\u00a0\u00bb hover_enabled=\u00a0\u00bb0&Prime;]<div style=\"width: 310px\" class=\"wp-caption alignleft\"><img loading=\"lazy\" decoding=\"async\" class=\"wp-image-1350 size-medium\" src=\"https:\/\/www.lepointensante.com\/colloque-pour-le-mieux-etre-des-aines\/wp-content\/uploads\/sites\/16\/2021\/06\/MP2-300x300.jpg\" alt=\"\" width=\"300\" height=\"300\" \/><p class=\"wp-caption-text\"><em><strong>M\u00e9lanie Perroux<\/strong><\/em>, Directrice g\u00e9n\u00e9rale, Regroupement des aidants naturels du Qu\u00e9bec<\/p><\/div><\/p>\n<p>&nbsp;<\/p>\n<p style=\"text-align: justify;\">La pand\u00e9mie a mis de l&rsquo;avant le fait que les personnes proches aidantes sont essentielles au bien-\u00eatre des a\u00een\u00e9s, tant \u00e0 domicile qu&rsquo;en h\u00e9bergement. Pourtant, peu d&rsquo;\u00e9tablissements ont une r\u00e9elle politique d&rsquo;inclusion des personnes proches aidantes. Ces derni\u00e8res se retrouvent alors soient ignor\u00e9es soit m\u00eame per\u00e7ues comme des probl\u00e8mes \u00e0 g\u00e9rer. Suite \u00e0 la loi 56, comment les traiter avec bienveillance? Quelles sont les bonnes pratiques au Qu\u00e9bec ou \u00e0 l&rsquo;international en mati\u00e8re d&rsquo;int\u00e9gration des personnes proches aidantes , au-del\u00e0 du plan d&rsquo;intervention? Et si inclure les personnes proches aidantes dans les choix de gestions, dans les r\u00e9flexions de changements visant l&rsquo;am\u00e9lioration des services offerts aux r\u00e9sidents \u00e9tait une mani\u00e8re de cr\u00e9er un milieu de vie ouvert et accueillant aux a\u00een\u00e9s? Comment arrimer le soutien visant le bien-\u00eatre des personnes proches aidantes dans un contexte d&rsquo;h\u00e9bergement? Comment permettre l&rsquo;engagement des personnes proches aidantes sans alourdir leur fardeau ni augmenter une vision utilisatrice des personnes proches aidantes?<\/p>\n<p style=\"text-align: justify;\">Dans la lign\u00e9e de la loi 56 et de ses implications, cette pr\u00e9sentation regroupera diff\u00e9rentes bonnes pratiques et pistes de solutions, bas\u00e9es sur la litt\u00e9rature, mais aussi les diff\u00e9rents t\u00e9moignages de personnes proches aidantes et d\u2019intervenants communautaires offrant des services dans les 115 organismes membres du RANQ.<\/p>\n<p>[\/et_pb_text][\/et_pb_column][\/et_pb_row][\/et_pb_section]<\/p>\n","protected":false},"excerpt":{"rendered":"<p>&nbsp; La pand\u00e9mie a mis de l&rsquo;avant le fait que les personnes proches aidantes sont essentielles au bien-\u00eatre des a\u00een\u00e9s, tant \u00e0 domicile qu&rsquo;en h\u00e9bergement. Pourtant, peu d&rsquo;\u00e9tablissements ont une r\u00e9elle politique d&rsquo;inclusion des personnes proches aidantes. Ces derni\u00e8res se retrouvent alors soient ignor\u00e9es soit m\u00eame per\u00e7ues comme des probl\u00e8mes \u00e0 g\u00e9rer. Suite \u00e0 la [&hellip;]<\/p>\n","protected":false},"author":7,"featured_media":0,"comment_status":"closed","ping_status":"closed","sticky":false,"template":"","format":"standard","meta":{"_et_pb_use_builder":"on","_et_pb_old_content":"[caption id=\"\" align=\"alignleft\" width=\"300\"]<img class=\"wp-image-1350 size-medium\" src=\"https:\/\/www.lepointensante.com\/colloque-pour-le-mieux-etre-des-aines\/wp-content\/uploads\/sites\/16\/2021\/06\/MP2-300x300.jpg\" alt=\"\" width=\"300\" height=\"300\" \/> <em><strong>M\u00e9lanie Perroux<\/strong><\/em>, Directrice g\u00e9n\u00e9rale, Regroupement des aidants naturels du Qu\u00e9bec[\/caption]<p>\u00a0<\/p><\/div><p>La pand\u00e9mie a mis de l'avant le fait que les personnes proches aidantes sont essentielles au bien-\u00eatre des a\u00een\u00e9s, tant \u00e0 domicile qu'en h\u00e9bergement. Pourtant, peu d'\u00e9tablissements ont une r\u00e9elle politique d'inclusion des personnes proches aidantes. Ces derni\u00e8res se retrouvent alors soient ignor\u00e9es soit m\u00eame per\u00e7ues comme des probl\u00e8mes \u00e0 g\u00e9rer. Suite \u00e0 la loi 56, comment les traiter avec bienveillance? Quelles sont les bonnes pratiques au Qu\u00e9bec ou \u00e0 l'international en mati\u00e8re d'int\u00e9gration des personnes proches aidantes , au-del\u00e0 du plan d'intervention? Et si inclure les personnes proches aidantes dans les choix de gestions, dans les r\u00e9flexions de changements visant l'am\u00e9lioration des services offerts aux r\u00e9sidents \u00e9tait une mani\u00e8re de cr\u00e9er un milieu de vie ouvert et accueillant aux a\u00een\u00e9s? Comment arrimer le soutien visant le bien-\u00eatre des personnes proches aidantes dans un contexte d'h\u00e9bergement? Comment permettre l'engagement des personnes proches aidantes sans alourdir leur fardeau ni augmenter une vision utilisatrice des personnes proches aidantes?<\/p><p>Dans la lign\u00e9e de la loi 56 et de ses implications, cette pr\u00e9sentation regroupera diff\u00e9rentes bonnes pratiques et pistes de solutions, bas\u00e9es sur la litt\u00e9rature, mais aussi les diff\u00e9rents t\u00e9moignages de personnes proches aidantes et d\u2019intervenants communautaires offrant des services dans les 115 organismes membres du RANQ.<\/p>","_et_gb_content_width":"","_exactmetrics_skip_tracking":false,"_exactmetrics_sitenote_active":false,"_exactmetrics_sitenote_note":"","_exactmetrics_sitenote_category":0,"footnotes":""},"categories":[25,21],"tags":[],"class_list":["post-1438","post","type-post","status-publish","format-standard","hentry","category-ateliers","category-programmation"],"_links":{"self":[{"href":"https:\/\/www.lepointensante.com\/colloque-pour-le-mieux-etre-des-aines\/wp-json\/wp\/v2\/posts\/1438","targetHints":{"allow":["GET"]}}],"collection":[{"href":"https:\/\/www.lepointensante.com\/colloque-pour-le-mieux-etre-des-aines\/wp-json\/wp\/v2\/posts"}],"about":[{"href":"https:\/\/www.lepointensante.com\/colloque-pour-le-mieux-etre-des-aines\/wp-json\/wp\/v2\/types\/post"}],"author":[{"embeddable":true,"href":"https:\/\/www.lepointensante.com\/colloque-pour-le-mieux-etre-des-aines\/wp-json\/wp\/v2\/users\/7"}],"replies":[{"embeddable":true,"href":"https:\/\/www.lepointensante.com\/colloque-pour-le-mieux-etre-des-aines\/wp-json\/wp\/v2\/comments?post=1438"}],"version-history":[{"count":4,"href":"https:\/\/www.lepointensante.com\/colloque-pour-le-mieux-etre-des-aines\/wp-json\/wp\/v2\/posts\/1438\/revisions"}],"predecessor-version":[{"id":1442,"href":"https:\/\/www.lepointensante.com\/colloque-pour-le-mieux-etre-des-aines\/wp-json\/wp\/v2\/posts\/1438\/revisions\/1442"}],"wp:attachment":[{"href":"https:\/\/www.lepointensante.com\/colloque-pour-le-mieux-etre-des-aines\/wp-json\/wp\/v2\/media?parent=1438"}],"wp:term":[{"taxonomy":"category","embeddable":true,"href":"https:\/\/www.lepointensante.com\/colloque-pour-le-mieux-etre-des-aines\/wp-json\/wp\/v2\/categories?post=1438"},{"taxonomy":"post_tag","embeddable":true,"href":"https:\/\/www.lepointensante.com\/colloque-pour-le-mieux-etre-des-aines\/wp-json\/wp\/v2\/tags?post=1438"}],"curies":[{"name":"wp","href":"https:\/\/api.w.org\/{rel}","templated":true}]}}