{"id":1461,"date":"2021-06-09T15:22:36","date_gmt":"2021-06-09T15:22:36","guid":{"rendered":"https:\/\/www.lepointensante.com\/colloque-pour-le-mieux-etre-des-aines\/?p=1461"},"modified":"2021-06-10T19:46:52","modified_gmt":"2021-06-10T19:46:52","slug":"atelier-2-3-promotion-de-loccupation-et-de-la-sante-en-hebergement","status":"publish","type":"post","link":"https:\/\/www.lepointensante.com\/colloque-pour-le-mieux-etre-des-aines\/2021\/06\/09\/atelier-2-3-promotion-de-loccupation-et-de-la-sante-en-hebergement\/","title":{"rendered":"Atelier 2-3 Promotion de l&rsquo;occupation et de la sant\u00e9 en h\u00e9bergement"},"content":{"rendered":"<p>[et_pb_section fb_built=\u00a0\u00bb1&Prime; _builder_version=\u00a0\u00bb3.22&Prime;][et_pb_row _builder_version=\u00a0\u00bb3.25&Prime; background_size=\u00a0\u00bbinitial\u00a0\u00bb background_position=\u00a0\u00bbtop_left\u00a0\u00bb background_repeat=\u00a0\u00bbrepeat\u00a0\u00bb][et_pb_column type=\u00a0\u00bb4_4&Prime; _builder_version=\u00a0\u00bb3.25&Prime; custom_padding=\u00a0\u00bb|||\u00a0\u00bb custom_padding__hover=\u00a0\u00bb|||\u00a0\u00bb][et_pb_text _builder_version=\u00a0\u00bb4.0.10&Prime; background_size=\u00a0\u00bbinitial\u00a0\u00bb background_position=\u00a0\u00bbtop_left\u00a0\u00bb background_repeat=\u00a0\u00bbrepeat\u00a0\u00bb hover_enabled=\u00a0\u00bb0&Prime;]<div id=\"attachment_1367\" style=\"width: 310px\" class=\"wp-caption alignleft\"><img loading=\"lazy\" decoding=\"async\" aria-describedby=\"caption-attachment-1367\" class=\"wp-image-1367 size-medium\" src=\"https:\/\/www.lepointensante.com\/colloque-pour-le-mieux-etre-des-aines\/wp-content\/uploads\/sites\/16\/2021\/06\/GP2-300x300.jpg\" alt=\"\" width=\"300\" height=\"300\" \/><p id=\"caption-attachment-1367\" class=\"wp-caption-text\"><em><strong>Genevi\u00e8ve Frappier<\/strong><\/em>, Ergoth\u00e9rapeute, CIUSSS du Centre-Sud-de-l&rsquo;\u00cele-de-Montr\u00e9al (Centre d&rsquo;H\u00e9bergement Armand-Lavergne)<\/p><\/div><div id=\"attachment_1365\" style=\"width: 310px\" class=\"wp-caption alignleft\"><img loading=\"lazy\" decoding=\"async\" aria-describedby=\"caption-attachment-1365\" class=\"wp-image-1365 size-medium\" src=\"https:\/\/www.lepointensante.com\/colloque-pour-le-mieux-etre-des-aines\/wp-content\/uploads\/sites\/16\/2021\/06\/EDL2-300x300.jpg\" alt=\"\" width=\"300\" height=\"300\" \/><p id=\"caption-attachment-1365\" class=\"wp-caption-text\"><em><strong>Emmanuelle-Danielle Lubin<\/strong><\/em>, Th\u00e9rapeute en R\u00e9adaptation Physique, CIUSSS du Centre-Sud-de-l&rsquo;\u00cele-de-Montr\u00e9al (Centre d&rsquo;H\u00e9bergement Armand-Lavergne)<\/p><\/div><\/p>\n<p style=\"text-align: justify;\">En 2019, nous avons mis en place le programme \u00ab Promotion de l\u2019occupation et de la sant\u00e9 en h\u00e9bergement \u00bb afin de maintenir et de stimuler les capacit\u00e9s physiques et sociales des r\u00e9sidents. Alors que nous en \u00e9tions au d\u00e9ploiement de ce projet, la pand\u00e9mie a frapp\u00e9, ce f\u00fbt le d\u00e9but d\u2019un grand bouleversement dans les habitudes de tous. Nous croyions que notre projet ne survivrait pas \u00e0 cette crise, mais au fil des mois, nous avons r\u00e9alis\u00e9 qu\u2019au contraire, le besoin d\u2019occupation et de remise en forme n\u2019avait jamais \u00e9t\u00e9 aussi important.<\/p>\n<p style=\"text-align: justify;\">L\u2019aspect \u00e9cologique et simple de ce programme de proximit\u00e9 cadrait tout \u00e0 fait avec les restrictions impos\u00e9es. Nous avons appris \u00e0 utiliser les ressources disponibles dans un environnement ferm\u00e9 et restrictif tel qu\u2019impos\u00e9 par les mesures sanitaires. Aussi, nous avons utilis\u00e9 les ressources humaines disponibles en fonction de l\u2019\u00e9tat mental et physique de nos \u00e9quipes r\u00e9sultant de l\u2019\u00e9closion meurtri\u00e8re du printemps 2020. Les modalit\u00e9s des programmes occupationnels et de mise en forme des r\u00e9sidents ont d\u00fb \u00eatre modifi\u00e9es: ressources virtuelles en ligne, cuisine de repas froids, atelier de couture, projet plantes, partenariat avec les organismes ext\u00e9rieurs, entra\u00eenement modifi\u00e9 au fauteuil motoris\u00e9, classes d\u2019exercices et bien d\u2019autres.<\/p>\n<p style=\"text-align: justify;\">La client\u00e8le a ainsi pu b\u00e9n\u00e9ficier du programme durant le confinement. Certains se sont reconditionn\u00e9s, d\u2019autres ont adapt\u00e9 leurs activit\u00e9s.<\/p>\n<p style=\"text-align: justify;\">Dans la philosophie de ce programme, nous visons aussi le d\u00e9veloppement de l\u2019occupation du personnel dans le milieu de travail qui, nous croyons, offrira des occasions de divertissement pour la client\u00e8le, en plus de promouvoir un esprit rassembleur. Somme toute, la r\u00e9silience est une force que tous peuvent utiliser face \u00e0 une \u00e9preuve, un obstacle, un drame ou une pand\u00e9mie. Nous avons appris \u00e0 nous r\u00e9inventer et \u00e0 pers\u00e9v\u00e9rer dans un projet de c\u0153ur.<\/p>\n<p>[\/et_pb_text][\/et_pb_column][\/et_pb_row][\/et_pb_section]<\/p>\n","protected":false},"excerpt":{"rendered":"<p>En 2019, nous avons mis en place le programme \u00ab Promotion de l\u2019occupation et de la sant\u00e9 en h\u00e9bergement \u00bb afin de maintenir et de stimuler les capacit\u00e9s physiques et sociales des r\u00e9sidents. Alors que nous en \u00e9tions au d\u00e9ploiement de ce projet, la pand\u00e9mie a frapp\u00e9, ce f\u00fbt le d\u00e9but d\u2019un grand bouleversement dans [&hellip;]<\/p>\n","protected":false},"author":7,"featured_media":0,"comment_status":"closed","ping_status":"closed","sticky":false,"template":"","format":"standard","meta":{"_et_pb_use_builder":"on","_et_pb_old_content":"[caption id=\"attachment_1367\" align=\"alignleft\" width=\"300\"]<img class=\"wp-image-1367 size-medium\" src=\"https:\/\/www.lepointensante.com\/colloque-pour-le-mieux-etre-des-aines\/wp-content\/uploads\/sites\/16\/2021\/06\/GP2-300x300.jpg\" alt=\"\" width=\"300\" height=\"300\" \/> <em><strong>Genevi\u00e8ve Frappier<\/strong><\/em>, Ergoth\u00e9rapeute, CIUSSS du Centre-Sud-de-l'\u00cele-de-Montr\u00e9al (Centre d'H\u00e9bergement Armand-Lavergne)[\/caption][caption id=\"attachment_1365\" align=\"alignleft\" width=\"300\"]<img class=\"wp-image-1365 size-medium\" src=\"https:\/\/www.lepointensante.com\/colloque-pour-le-mieux-etre-des-aines\/wp-content\/uploads\/sites\/16\/2021\/06\/EDL2-300x300.jpg\" alt=\"\" width=\"300\" height=\"300\" \/> <em><strong>Emmanuelle-Danielle Lubin<\/strong><\/em>, Th\u00e9rapeute en R\u00e9adaptation Physique, CIUSSS du Centre-Sud-de-l'\u00cele-de-Montr\u00e9al (Centre d'H\u00e9bergement Armand-Lavergne)[\/caption]<p>En 2019, nous avons mis sur place le programme \u00ab Promotion de l\u2019occupation et de la sant\u00e9 en h\u00e9bergement \u00bb afin de maintenir et stimuler les capacit\u00e9s physiques et sociales des r\u00e9sidents. Alors que nous en \u00e9tions au d\u00e9ploiement de ce projet, la pand\u00e9mie a frapp\u00e9, ce f\u00fbt le d\u00e9but d\u2019un grand bouleversement dans les habitudes de tous. Nous croyions que notre projet ne survivrait pas \u00e0 cette crise, mais au fil des mois, nous avons r\u00e9alis\u00e9 qu\u2019au contraire, le besoin d\u2019occupation et de remise en forme n\u2019avait jamais \u00e9t\u00e9 aussi important.<\/p><p>De plus, l\u2019aspect \u00e9cologique et simple de ce programme de proximit\u00e9 cadrait tout \u00e0 fait avec les restrictions impos\u00e9es. Nous avons appris \u00e0 utiliser les ressources disponibles dans un environnement ferm\u00e9 et restrictif tel qu\u2019impos\u00e9 par les mesures sanitaires. Aussi, nous avons utilis\u00e9 les ressources humaines disponibles en fonction de l\u2019\u00e9tat mental et physique de nos \u00e9quipes r\u00e9sultant de l\u2019\u00e9closion meurtri\u00e8re du printemps 2020.<\/p><p>Entre autre, Genevi\u00e8ve a fait un entra\u00eenement en Fauteuil motoris\u00e9 (FMo) pour un client qui avait le projet d\u2019avoir un FMo. Ensuite, de reprendre les programmes occupationnels des r\u00e9sidents en modifiant les modalit\u00e9s : ressources virtuelles en ligne, cuisine de repas froids, atelier de couture, projet plantes, partenariat avec l\u2019INLB et autre. Parall\u00e8lement, Emmanuelle a mis en place des classes d\u2019exercices globaux qui incluent des exercices s\u2019inspirant de la m\u00e9ditation pleine conscience et du yoga.<\/p><p>La client\u00e8le a ainsi pu b\u00e9n\u00e9ficier du programme durant le confinement. Certains se sont reconditionn\u00e9s, d\u2019autres se sont adapt\u00e9s leurs activit\u00e9s. Finalement, nous avons pris conscience que d\u2019avoir d\u00e9velopp\u00e9 ce projet avant la pand\u00e9mie\u00a0 nous a aid\u00e9 \u00e0 revenir \u00e0 l\u2019essentiel dans nos pratiques.<br \/>Nous visons aussi le d\u00e9veloppement de l\u2019occupation du personnel dans le milieu de travail. Nous pensons que de cr\u00e9er des espaces d\u2019activit\u00e9s pour le personnel offrira des occasions de divertissement pour la client\u00e8le, en plus de promouvoir un esprit de rassemblement. Somme toute, la r\u00e9silience est une force que tous peuvent utiliser face \u00e0 une \u00e9preuve, un obstacle, un drame ou une pand\u00e9mie. Nous avons appris \u00e0 nous r\u00e9inventer et \u00e0 pers\u00e9v\u00e9rer dans un projet de c\u0153ur.<\/p>","_et_gb_content_width":"","_exactmetrics_skip_tracking":false,"_exactmetrics_sitenote_active":false,"_exactmetrics_sitenote_note":"","_exactmetrics_sitenote_category":0,"footnotes":""},"categories":[25,21],"tags":[],"class_list":["post-1461","post","type-post","status-publish","format-standard","hentry","category-ateliers","category-programmation"],"_links":{"self":[{"href":"https:\/\/www.lepointensante.com\/colloque-pour-le-mieux-etre-des-aines\/wp-json\/wp\/v2\/posts\/1461","targetHints":{"allow":["GET"]}}],"collection":[{"href":"https:\/\/www.lepointensante.com\/colloque-pour-le-mieux-etre-des-aines\/wp-json\/wp\/v2\/posts"}],"about":[{"href":"https:\/\/www.lepointensante.com\/colloque-pour-le-mieux-etre-des-aines\/wp-json\/wp\/v2\/types\/post"}],"author":[{"embeddable":true,"href":"https:\/\/www.lepointensante.com\/colloque-pour-le-mieux-etre-des-aines\/wp-json\/wp\/v2\/users\/7"}],"replies":[{"embeddable":true,"href":"https:\/\/www.lepointensante.com\/colloque-pour-le-mieux-etre-des-aines\/wp-json\/wp\/v2\/comments?post=1461"}],"version-history":[{"count":8,"href":"https:\/\/www.lepointensante.com\/colloque-pour-le-mieux-etre-des-aines\/wp-json\/wp\/v2\/posts\/1461\/revisions"}],"predecessor-version":[{"id":1522,"href":"https:\/\/www.lepointensante.com\/colloque-pour-le-mieux-etre-des-aines\/wp-json\/wp\/v2\/posts\/1461\/revisions\/1522"}],"wp:attachment":[{"href":"https:\/\/www.lepointensante.com\/colloque-pour-le-mieux-etre-des-aines\/wp-json\/wp\/v2\/media?parent=1461"}],"wp:term":[{"taxonomy":"category","embeddable":true,"href":"https:\/\/www.lepointensante.com\/colloque-pour-le-mieux-etre-des-aines\/wp-json\/wp\/v2\/categories?post=1461"},{"taxonomy":"post_tag","embeddable":true,"href":"https:\/\/www.lepointensante.com\/colloque-pour-le-mieux-etre-des-aines\/wp-json\/wp\/v2\/tags?post=1461"}],"curies":[{"name":"wp","href":"https:\/\/api.w.org\/{rel}","templated":true}]}}