{"id":1469,"date":"2021-06-09T15:29:12","date_gmt":"2021-06-09T15:29:12","guid":{"rendered":"https:\/\/www.lepointensante.com\/colloque-pour-le-mieux-etre-des-aines\/?p=1469"},"modified":"2021-08-17T14:09:48","modified_gmt":"2021-08-17T14:09:48","slug":"atelier-2-4-une-residence-intelligente-connectee-aux-proches-aidants-et-a-la-communaute-reve-ou-realite","status":"publish","type":"post","link":"https:\/\/www.lepointensante.com\/colloque-pour-le-mieux-etre-des-aines\/2021\/06\/09\/atelier-2-4-une-residence-intelligente-connectee-aux-proches-aidants-et-a-la-communaute-reve-ou-realite\/","title":{"rendered":"Atelier 2-4 Une r\u00e9sidence \u00ab intelligente \u00bb, connect\u00e9e aux proches aidants et \u00e0 la communaut\u00e9, r\u00eave ou r\u00e9alit\u00e9 ?"},"content":{"rendered":"<p>[et_pb_section fb_built=\u00a0\u00bb1&Prime; _builder_version=\u00a0\u00bb3.22&Prime;][et_pb_row _builder_version=\u00a0\u00bb3.25&Prime; background_size=\u00a0\u00bbinitial\u00a0\u00bb background_position=\u00a0\u00bbtop_left\u00a0\u00bb background_repeat=\u00a0\u00bbrepeat\u00a0\u00bb][et_pb_column type=\u00a0\u00bb4_4&Prime; _builder_version=\u00a0\u00bb3.25&Prime; custom_padding=\u00a0\u00bb|||\u00a0\u00bb custom_padding__hover=\u00a0\u00bb|||\u00a0\u00bb][et_pb_text _builder_version=\u00a0\u00bb4.0.10&Prime; background_size=\u00a0\u00bbinitial\u00a0\u00bb background_position=\u00a0\u00bbtop_left\u00a0\u00bb background_repeat=\u00a0\u00bbrepeat\u00a0\u00bb hover_enabled=\u00a0\u00bb0&Prime;]<div id=\"attachment_1363\" style=\"width: 310px\" class=\"wp-caption alignleft\"><img loading=\"lazy\" decoding=\"async\" aria-describedby=\"caption-attachment-1363\" class=\"wp-image-1363 size-medium\" src=\"https:\/\/www.lepointensante.com\/colloque-pour-le-mieux-etre-des-aines\/wp-content\/uploads\/sites\/16\/2021\/06\/DC2-300x300.jpg\" alt=\"\" width=\"300\" height=\"300\" \/><p id=\"caption-attachment-1363\" class=\"wp-caption-text\"><em><strong>Diane C\u00f4t\u00e9<\/strong><\/em>, Pr\u00e9sidente-directrice g\u00e9n\u00e9rale, MEDTEQ+<\/p><\/div><div id=\"attachment_1785\" style=\"width: 310px\" class=\"wp-caption alignleft\"><img loading=\"lazy\" decoding=\"async\" aria-describedby=\"caption-attachment-1785\" class=\"wp-image-1785 size-medium\" src=\"https:\/\/www.lepointensante.com\/colloque-pour-le-mieux-etre-des-aines\/wp-content\/uploads\/sites\/16\/2021\/08\/CG2-300x300.jpg\" alt=\"\" width=\"300\" height=\"300\" \/><p id=\"caption-attachment-1785\" class=\"wp-caption-text\"><em><strong>Camille Gagnon<\/strong><\/em>, Fondateur, Innovitech<\/p><\/div><\/p>\n<p style=\"text-align: justify;\">L\u2019apport des proches aidants et le contact avec la communaut\u00e9 sont des \u00e9l\u00e9ments vitaux de qualit\u00e9 de vie pour les a\u00een\u00e9s ; les isoler dans une \u00ab maison de vieux \u00bb, c\u2019est les faire mourir \u00e0 petit feu. D\u2019ailleurs, fort de l\u2019exp\u00e9rience de la pand\u00e9mie, le gouvernement a reconnu cette par l\u2019adoption du Projet de loi 56 sur les proches aidants et tous, nous avons constat\u00e9 que les nouvelles technologies sont devenues vitales dans la soci\u00e9t\u00e9; m\u00eame les a\u00een\u00e9s les utilisent.<\/p>\n<p style=\"text-align: justify;\">Aussi la pand\u00e9mie de la COVID-19 a clairement illustr\u00e9 l\u2019urgence de transformer notre mod\u00e8le de r\u00e9sidences pour a\u00een\u00e9s ; la vieillesse n\u2019est pas une maladie, mais une \u00e9tape de la vie o\u00f9 le contact avec nos proches, nos amis et les jeunes sont source de vie et de bonheur. Notre soci\u00e9t\u00e9 a beaucoup chang\u00e9 durant la vie de nos baby-boomers qui constituent maintenant les a\u00een\u00e9s des prochaines d\u00e9cennies ; les jeunes a\u00een\u00e9s actifs ont maintenant 80 ans et plus et m\u00e9ritent leur place dans nos soci\u00e9t\u00e9s modernes.<\/p>\n<p style=\"text-align: justify;\">MEDTEQ+ et ses partenaires sont convaincus que les technologies innovantes peuvent et doivent r\u00e9inventer les maisons des a\u00een\u00e9s pour en faire des \u00eelots de vie stimulants et int\u00e9gr\u00e9s dans nos communaut\u00e9s. Soyons audacieux pour ceux qui ont b\u00e2ti le Qu\u00e9bec moderne.<\/p>\n<p>[\/et_pb_text][\/et_pb_column][\/et_pb_row][\/et_pb_section]<\/p>\n","protected":false},"excerpt":{"rendered":"<p>L\u2019apport des proches aidants et le contact avec la communaut\u00e9 sont des \u00e9l\u00e9ments vitaux de qualit\u00e9 de vie pour les a\u00een\u00e9s ; les isoler dans une \u00ab maison de vieux \u00bb, c\u2019est les faire mourir \u00e0 petit feu. D\u2019ailleurs, fort de l\u2019exp\u00e9rience de la pand\u00e9mie, le gouvernement a reconnu cette par l\u2019adoption du Projet de [&hellip;]<\/p>\n","protected":false},"author":7,"featured_media":0,"comment_status":"closed","ping_status":"closed","sticky":false,"template":"","format":"standard","meta":{"_et_pb_use_builder":"on","_et_pb_old_content":"[caption id=\"attachment_1363\" align=\"alignleft\" width=\"300\"]<img class=\"wp-image-1363 size-medium\" src=\"https:\/\/www.lepointensante.com\/colloque-pour-le-mieux-etre-des-aines\/wp-content\/uploads\/sites\/16\/2021\/06\/DC2-300x300.jpg\" alt=\"\" width=\"300\" height=\"300\" \/> Diane C\u00f4t\u00e9, Pr\u00e9sidente-directrice g\u00e9n\u00e9rale, MEDTEQ+[\/caption]<p>L\u2019apport des proches aidants et le contact avec la communaut\u00e9 sont des \u00e9l\u00e9ments vitaux de qualit\u00e9 de vie pour les a\u00een\u00e9s ; les isoler dans une \u00ab maison de vieux \u00bb\u2026.c\u2019est les faire mourir \u00e0 petit feu ; d\u2019ailleurs, fort de l\u2019exp\u00e9rience de la pand\u00e9mie, le gouvernement a reconnu cette par l\u2019adoption du Projet de loi 56 sur les proches aidants et tous, nous avons constat\u00e9 que les nouvelles technologies sont devenus vitales dans la soci\u00e9t\u00e9\u2026..m\u00eame les a\u00een\u00e9s les utilisent.<\/p><p>Aussi la pand\u00e9mie de la COVID-19 a clairement illustr\u00e9 l\u2019urgence de transformer notre mod\u00e8le de r\u00e9sidences pour a\u00een\u00e9s ; la vieillesse n\u2019est pas une maladie, mais une \u00e9tape de la vie o\u00f9 le contact avec nos proches, nos amis et les jeunes sont source de vie et de bonheur. Notre soci\u00e9t\u00e9 a beaucoup chang\u00e9 durant la vie de nos baby-boomers qui constituent maintenant les a\u00een\u00e9s des<br \/>prochaines d\u00e9cennies ; les jeunes a\u00een\u00e9s actifs ont maintenant 80 ans et plus et m\u00e9ritent leur place dans nos soci\u00e9t\u00e9s modernes.<\/p><p>MEDTEQ+ et ses partenaires sont convaincus que les technologies innovantes peuvent et doivent r\u00e9inventer les maisons des a\u00een\u00e9s pour en faire des ilots de vie stimulants et int\u00e9gr\u00e9s dans nos communaut\u00e9s. Soyons audacieux pour ceux qui ont b\u00e2ti le Qu\u00e9bec moderne.<\/p>","_et_gb_content_width":"","_exactmetrics_skip_tracking":false,"_exactmetrics_sitenote_active":false,"_exactmetrics_sitenote_note":"","_exactmetrics_sitenote_category":0,"footnotes":""},"categories":[25,21],"tags":[],"class_list":["post-1469","post","type-post","status-publish","format-standard","hentry","category-ateliers","category-programmation"],"_links":{"self":[{"href":"https:\/\/www.lepointensante.com\/colloque-pour-le-mieux-etre-des-aines\/wp-json\/wp\/v2\/posts\/1469","targetHints":{"allow":["GET"]}}],"collection":[{"href":"https:\/\/www.lepointensante.com\/colloque-pour-le-mieux-etre-des-aines\/wp-json\/wp\/v2\/posts"}],"about":[{"href":"https:\/\/www.lepointensante.com\/colloque-pour-le-mieux-etre-des-aines\/wp-json\/wp\/v2\/types\/post"}],"author":[{"embeddable":true,"href":"https:\/\/www.lepointensante.com\/colloque-pour-le-mieux-etre-des-aines\/wp-json\/wp\/v2\/users\/7"}],"replies":[{"embeddable":true,"href":"https:\/\/www.lepointensante.com\/colloque-pour-le-mieux-etre-des-aines\/wp-json\/wp\/v2\/comments?post=1469"}],"version-history":[{"count":9,"href":"https:\/\/www.lepointensante.com\/colloque-pour-le-mieux-etre-des-aines\/wp-json\/wp\/v2\/posts\/1469\/revisions"}],"predecessor-version":[{"id":1792,"href":"https:\/\/www.lepointensante.com\/colloque-pour-le-mieux-etre-des-aines\/wp-json\/wp\/v2\/posts\/1469\/revisions\/1792"}],"wp:attachment":[{"href":"https:\/\/www.lepointensante.com\/colloque-pour-le-mieux-etre-des-aines\/wp-json\/wp\/v2\/media?parent=1469"}],"wp:term":[{"taxonomy":"category","embeddable":true,"href":"https:\/\/www.lepointensante.com\/colloque-pour-le-mieux-etre-des-aines\/wp-json\/wp\/v2\/categories?post=1469"},{"taxonomy":"post_tag","embeddable":true,"href":"https:\/\/www.lepointensante.com\/colloque-pour-le-mieux-etre-des-aines\/wp-json\/wp\/v2\/tags?post=1469"}],"curies":[{"name":"wp","href":"https:\/\/api.w.org\/{rel}","templated":true}]}}