{"id":1544,"date":"2021-06-14T18:51:59","date_gmt":"2021-06-14T18:51:59","guid":{"rendered":"https:\/\/www.lepointensante.com\/colloque-pour-le-mieux-etre-des-aines\/?p=1544"},"modified":"2021-06-17T15:36:47","modified_gmt":"2021-06-17T15:36:47","slug":"atelier-2-2-le-role-du-commissaire-aux-plaintes-et-a-la-qualite-des-services","status":"publish","type":"post","link":"https:\/\/www.lepointensante.com\/colloque-pour-le-mieux-etre-des-aines\/2021\/06\/14\/atelier-2-2-le-role-du-commissaire-aux-plaintes-et-a-la-qualite-des-services\/","title":{"rendered":"Atelier 2-2 Le r\u00f4le du commissaire aux plaintes et \u00e0 la qualit\u00e9 des services"},"content":{"rendered":"<p>[et_pb_section fb_built=\u00a0\u00bb1&Prime; _builder_version=\u00a0\u00bb3.22&Prime;][et_pb_row _builder_version=\u00a0\u00bb3.25&Prime; background_size=\u00a0\u00bbinitial\u00a0\u00bb background_position=\u00a0\u00bbtop_left\u00a0\u00bb background_repeat=\u00a0\u00bbrepeat\u00a0\u00bb][et_pb_column type=\u00a0\u00bb4_4&Prime; _builder_version=\u00a0\u00bb3.25&Prime; custom_padding=\u00a0\u00bb|||\u00a0\u00bb custom_padding__hover=\u00a0\u00bb|||\u00a0\u00bb][et_pb_text _builder_version=\u00a0\u00bb4.0.10&Prime; background_size=\u00a0\u00bbinitial\u00a0\u00bb background_position=\u00a0\u00bbtop_left\u00a0\u00bb background_repeat=\u00a0\u00bbrepeat\u00a0\u00bb hover_enabled=\u00a0\u00bb0&Prime;]<div id=\"attachment_1540\" style=\"width: 310px\" class=\"wp-caption alignleft\"><img loading=\"lazy\" decoding=\"async\" aria-describedby=\"caption-attachment-1540\" class=\"wp-image-1540 size-medium\" src=\"https:\/\/www.lepointensante.com\/colloque-pour-le-mieux-etre-des-aines\/wp-content\/uploads\/sites\/16\/2021\/06\/D-Charland-2-1-300x300.jpg\" alt=\"\" width=\"300\" height=\"300\" \/><p id=\"caption-attachment-1540\" class=\"wp-caption-text\"><em><strong>Dominique Charland<\/strong><\/em>, Commissaire-conseil au r\u00e9gime d&rsquo;examen des plaintes, Minist\u00e8re de la Sant\u00e9 et des Services sociaux<\/p><\/div><\/p>\n<p style=\"text-align: justify;\">La Loi sur les services de sant\u00e9 et les services sociaux pr\u00e9voit dans chaque \u00e9tablissement du r\u00e9seau de la sant\u00e9 et des services sociaux un r\u00e9gime d\u2019examen des plaintes dont le traitement incombe \u00e0 un commissaire aux plaintes et \u00e0 la qualit\u00e9 des services. Ce dernier est responsable envers le conseil d\u2019administration du respect des droits des usagers et du traitement diligent de leurs plaintes. Les conclusions peuvent mener \u00e0 des recommandations dans le but d\u2019am\u00e9liorer la prestation de soins et de services.<\/p>\n<p style=\"text-align: justify;\">Porter plainte est un geste constructif. Il contribue \u00e0 am\u00e9liorer la qualit\u00e9 des services de sant\u00e9 et des services sociaux. Il permet \u00e0 toute personne s\u2019estimant l\u00e9s\u00e9e dans ses droits d\u2019exprimer son insatisfaction, de d\u00e9poser une plainte ou de signaler une situation de maltraitance au commissaire aux plaintes et \u00e0 la qualit\u00e9 des services.<\/p>\n<p style=\"text-align: justify;\">Le 1er juin dernier, la ministre responsable des A\u00een\u00e9s et des Proches aidants a confirm\u00e9 l\u2019entr\u00e9e en vigueur de la Loi visant \u00e0 renforcer le r\u00e9gime d\u2019examen des plaintes du r\u00e9seau de la sant\u00e9 et des services sociaux, notamment pour les usagers qui re\u00e7oivent des services des \u00e9tablissements priv\u00e9s. Les nouvelles mesures l\u00e9gislatives sont plus que jamais n\u00e9cessaires et d\u00e9montrent une r\u00e9elle volont\u00e9 d\u2019am\u00e9liorer la qualit\u00e9 de l\u2019examen des plaintes pour les personnes plus vuln\u00e9rables, qu\u2019elles soient dans un \u00e9tablissement public ou un \u00e9tablissement priv\u00e9.<\/p>\n<p>[\/et_pb_text][\/et_pb_column][\/et_pb_row][\/et_pb_section]<\/p>\n","protected":false},"excerpt":{"rendered":"<p>La Loi sur les services de sant\u00e9 et les services sociaux pr\u00e9voit dans chaque \u00e9tablissement du r\u00e9seau de la sant\u00e9 et des services sociaux un r\u00e9gime d\u2019examen des plaintes dont le traitement incombe \u00e0 un commissaire aux plaintes et \u00e0 la qualit\u00e9 des services. Ce dernier est responsable envers le conseil d\u2019administration du respect des [&hellip;]<\/p>\n","protected":false},"author":7,"featured_media":0,"comment_status":"closed","ping_status":"closed","sticky":false,"template":"","format":"standard","meta":{"_et_pb_use_builder":"on","_et_pb_old_content":"[caption id=\"attachment_1540\" align=\"alignleft\" width=\"300\"]<img class=\"wp-image-1540 size-medium\" src=\"https:\/\/www.lepointensante.com\/colloque-pour-le-mieux-etre-des-aines\/wp-content\/uploads\/sites\/16\/2021\/06\/D-Charland-2-1-300x300.jpg\" alt=\"\" width=\"300\" height=\"300\" \/> <em><strong>Dominique Charland<\/strong><\/em>, Commissaire-conseil au r\u00e9gime d'examen des plaintes, Minist\u00e8re de la Sant\u00e9 et des Services sociaux[\/caption]<p>La Loi sur les services de sant\u00e9 et les services sociaux pr\u00e9voit dans chaque \u00e9tablissement du r\u00e9seau de la sant\u00e9 et des services sociaux un r\u00e9gime d\u2019examen des plaintes dont le traitement incombe \u00e0 un commissaire aux plaintes et \u00e0 la qualit\u00e9 des services. Ce dernier est responsable envers le conseil d\u2019administration du respect des droits des usagers et du traitement diligent de leurs plaintes. Les conclusions peuvent mener \u00e0 des recommandations dans le but d\u2019am\u00e9liorer la prestation de soins et de services.<\/p><p>Porter plainte est un geste constructif. Il contribue \u00e0 am\u00e9liorer la qualit\u00e9 des services de sant\u00e9 et des services sociaux. Il permet \u00e0 toute personne s\u2019estimant l\u00e9s\u00e9e dans ses droits d\u2019exprimer son insatisfaction, de d\u00e9poser une plainte ou de signaler une situation de maltraitance au commissaire aux plaintes et \u00e0 la qualit\u00e9 des services.<\/p><p>Le 1er juin dernier, la ministre responsable des A\u00een\u00e9s et des Proches aidants a confirm\u00e9 l\u2019entr\u00e9e en vigueur de la Loi visant \u00e0 renforcer le r\u00e9gime d\u2019examen des plaintes du r\u00e9seau de la sant\u00e9 et des services sociaux, notamment pour les usagers qui re\u00e7oivent des services des \u00e9tablissements priv\u00e9s. Les nouvelles mesures l\u00e9gislatives sont plus que jamais n\u00e9cessaires et d\u00e9montrent une r\u00e9elle volont\u00e9 d\u2019am\u00e9liorer la qualit\u00e9 de l\u2019examen des plaintes pour les personnes plus vuln\u00e9rables, qu\u2019elles soient dans un \u00e9tablissement public ou un \u00e9tablissement priv\u00e9.<\/p>","_et_gb_content_width":"","_exactmetrics_skip_tracking":false,"_exactmetrics_sitenote_active":false,"_exactmetrics_sitenote_note":"","_exactmetrics_sitenote_category":0,"footnotes":""},"categories":[25,21],"tags":[],"class_list":["post-1544","post","type-post","status-publish","format-standard","hentry","category-ateliers","category-programmation"],"_links":{"self":[{"href":"https:\/\/www.lepointensante.com\/colloque-pour-le-mieux-etre-des-aines\/wp-json\/wp\/v2\/posts\/1544","targetHints":{"allow":["GET"]}}],"collection":[{"href":"https:\/\/www.lepointensante.com\/colloque-pour-le-mieux-etre-des-aines\/wp-json\/wp\/v2\/posts"}],"about":[{"href":"https:\/\/www.lepointensante.com\/colloque-pour-le-mieux-etre-des-aines\/wp-json\/wp\/v2\/types\/post"}],"author":[{"embeddable":true,"href":"https:\/\/www.lepointensante.com\/colloque-pour-le-mieux-etre-des-aines\/wp-json\/wp\/v2\/users\/7"}],"replies":[{"embeddable":true,"href":"https:\/\/www.lepointensante.com\/colloque-pour-le-mieux-etre-des-aines\/wp-json\/wp\/v2\/comments?post=1544"}],"version-history":[{"count":6,"href":"https:\/\/www.lepointensante.com\/colloque-pour-le-mieux-etre-des-aines\/wp-json\/wp\/v2\/posts\/1544\/revisions"}],"predecessor-version":[{"id":1594,"href":"https:\/\/www.lepointensante.com\/colloque-pour-le-mieux-etre-des-aines\/wp-json\/wp\/v2\/posts\/1544\/revisions\/1594"}],"wp:attachment":[{"href":"https:\/\/www.lepointensante.com\/colloque-pour-le-mieux-etre-des-aines\/wp-json\/wp\/v2\/media?parent=1544"}],"wp:term":[{"taxonomy":"category","embeddable":true,"href":"https:\/\/www.lepointensante.com\/colloque-pour-le-mieux-etre-des-aines\/wp-json\/wp\/v2\/categories?post=1544"},{"taxonomy":"post_tag","embeddable":true,"href":"https:\/\/www.lepointensante.com\/colloque-pour-le-mieux-etre-des-aines\/wp-json\/wp\/v2\/tags?post=1544"}],"curies":[{"name":"wp","href":"https:\/\/api.w.org\/{rel}","templated":true}]}}