{"id":1546,"date":"2021-06-14T18:55:47","date_gmt":"2021-06-14T18:55:47","guid":{"rendered":"https:\/\/www.lepointensante.com\/colloque-pour-le-mieux-etre-des-aines\/?p=1546"},"modified":"2021-06-15T16:03:05","modified_gmt":"2021-06-15T16:03:05","slug":"atelier-3-4-dotation-equilibree-en-milieu-dhebergement-mode-demploi","status":"publish","type":"post","link":"https:\/\/www.lepointensante.com\/colloque-pour-le-mieux-etre-des-aines\/2021\/06\/14\/atelier-3-4-dotation-equilibree-en-milieu-dhebergement-mode-demploi\/","title":{"rendered":"Atelier 3-4 Dotation \u00e9quilibr\u00e9e en milieu d\u2019h\u00e9bergement: mode d\u2019emploi!"},"content":{"rendered":"<p>[et_pb_section fb_built=\u00a0\u00bb1&Prime; _builder_version=\u00a0\u00bb3.22&Prime;][et_pb_row _builder_version=\u00a0\u00bb3.25&Prime; background_size=\u00a0\u00bbinitial\u00a0\u00bb background_position=\u00a0\u00bbtop_left\u00a0\u00bb background_repeat=\u00a0\u00bbrepeat\u00a0\u00bb][et_pb_column type=\u00a0\u00bb4_4&Prime; _builder_version=\u00a0\u00bb3.25&Prime; custom_padding=\u00a0\u00bb|||\u00a0\u00bb custom_padding__hover=\u00a0\u00bb|||\u00a0\u00bb][et_pb_text _builder_version=\u00a0\u00bb4.0.10&Prime; background_size=\u00a0\u00bbinitial\u00a0\u00bb background_position=\u00a0\u00bbtop_left\u00a0\u00bb background_repeat=\u00a0\u00bbrepeat\u00a0\u00bb hover_enabled=\u00a0\u00bb0&Prime;]<div id=\"attachment_1543\" style=\"width: 310px\" class=\"wp-caption alignleft\"><img loading=\"lazy\" decoding=\"async\" aria-describedby=\"caption-attachment-1543\" class=\"wp-image-1543 size-medium\" src=\"https:\/\/www.lepointensante.com\/colloque-pour-le-mieux-etre-des-aines\/wp-content\/uploads\/sites\/16\/2021\/06\/PV2-300x300.jpg\" alt=\"\" width=\"300\" height=\"300\" \/><p id=\"caption-attachment-1543\" class=\"wp-caption-text\"><em><strong>Philippe Voyer<\/strong><\/em>, Professeur titulaire, Universit\u00e9 Laval<\/p><\/div><\/p>\n<p style=\"text-align: justify;\">L\u2019utilisation des ratios de personnel soignant dans les milieux de soins est une approche incompl\u00e8te de la dotation. Il faut en effet passer d\u2019une dotation statique a une dotation \u00e9quilibr\u00e9e afin de permettre aux gestionnaires d\u2019ajuster la dotation aux besoins des r\u00e9sidents et \u00e0 la charge de travail r\u00e9elle des soignants.<\/p>\n<p style=\"text-align: justify;\">Or, pour ce faire, il faut rendre accessible aux gestionnaires de proximit\u00e9 des donn\u00e9es clinico-administratives essentielles au processus d\u00e9cisionnel de la dotation \u00e9quilibr\u00e9e. En l\u2019absence de telles donn\u00e9es et sans capacit\u00e9 d\u2019ajustement de la dotation, les gestionnaires se retrouvent menott\u00e9s dans leur r\u00f4le d\u2019administrateur. Ils ne sont alors pas en mesure de faire des adaptations dans la dotation afin de mieux r\u00e9pondre aux besoins des r\u00e9sidents et de reconna\u00eetre l\u2019exigence de la t\u00e2che du personnel soignant.<\/p>\n<p style=\"text-align: justify;\">Dans le cadre de cette conf\u00e9rence, on pr\u00e9sentera comment les principes de la dotation \u00e9quilibr\u00e9e sont mis en application dans un milieu de soins gr\u00e2ce \u00e0 l\u2019utilisation d\u2019un logiciel. Avec des exemples r\u00e9els, on expliquera comment les donn\u00e9es collect\u00e9es de fa\u00e7on automatis\u00e9e permettent aux gestionnaires de proximit\u00e9 d\u2019ajuster sur une base mensuelle la dotation dans les 12 unit\u00e9s de vie de l\u2019organisation. Le logiciel regroupe dans un seul environnement num\u00e9rique les informations suivantes: profil de la client\u00e8le, indice de lourdeur, nombre de cas tr\u00e8s lourd, charge de travail subjective, fr\u00e9quence des chutes, transferts, nombre de cas d\u2019infection, m\u00e9dicaments PRN, niveau de saturation du temps disponible des soignants et le score de personnel. Gr\u00e2ce \u00e0 ces informations pr\u00e9sent\u00e9es sous des formes graphiques et num\u00e9riques, les gestionnaires de proximit\u00e9 sont en mesure d\u2019apporter des ajustements tr\u00e8s pr\u00e9cis \u00e0 la dotation. Cette approche de dotation \u00e9quilibr\u00e9e constitue une voie prometteuse pour les organisations soucieuses de r\u00e9pondre aux besoins complexes, diversifi\u00e9s et \u00e9volutifs de leurs r\u00e9sidents.<\/p>\n<p>[\/et_pb_text][\/et_pb_column][\/et_pb_row][\/et_pb_section]<\/p>\n","protected":false},"excerpt":{"rendered":"<p>L\u2019utilisation des ratios de personnel soignant dans les milieux de soins est une approche incompl\u00e8te de la dotation. Il faut en effet passer d\u2019une dotation statique a une dotation \u00e9quilibr\u00e9e afin de permettre aux gestionnaires d\u2019ajuster la dotation aux besoins des r\u00e9sidents et \u00e0 la charge de travail r\u00e9elle des soignants. Or, pour ce faire, [&hellip;]<\/p>\n","protected":false},"author":7,"featured_media":0,"comment_status":"closed","ping_status":"closed","sticky":false,"template":"","format":"standard","meta":{"_et_pb_use_builder":"on","_et_pb_old_content":"[caption id=\"attachment_1543\" align=\"alignleft\" width=\"300\"]<img class=\"wp-image-1543 size-medium\" src=\"https:\/\/www.lepointensante.com\/colloque-pour-le-mieux-etre-des-aines\/wp-content\/uploads\/sites\/16\/2021\/06\/PV2-300x300.jpg\" alt=\"\" width=\"300\" height=\"300\" \/> Philippe Voyer, Professeur titulaire, Universit\u00e9 Laval[\/caption]<p>L\u2019utilisation des ratios de personnel soignant dans les milieux de soins est une approche incompl\u00e8te de la dotation. Il faut en effet passer d\u2019une dotation statique a une dotation \u00e9quilibr\u00e9e afin de permettre aux gestionnaires d\u2019ajuster la dotation aux besoins des r\u00e9sidents et \u00e0 la charge de travail r\u00e9el des soignants.<\/p><p>Or, pour ce faire, il faut rendre accessible aux gestionnaires de proximit\u00e9 des donn\u00e9es clinico-administratives essentielles au processus d\u00e9cisionnel de la dotation \u00e9quilibr\u00e9e. En l\u2019absence de telles donn\u00e9es et sans capacit\u00e9s d\u2019ajustements de la dotation, les gestionnaires se retrouvent menott\u00e9s dans leur r\u00f4le d\u2019administrateur. Ils ne sont alors pas en mesure de faire des adaptations dans la dotation afin de mieux r\u00e9pondre aux besoins des r\u00e9sidents et de reconna\u00eetre l\u2019exigence de la t\u00e2che du personnel soignant.<\/p><p>Dans le cadre de cet atelier-conf\u00e9rence, on pr\u00e9sentera comment les principes de la dotation \u00e9quilibr\u00e9e sont mis en application dans un milieu de soins gr\u00e2ce \u00e0 l\u2019utilisation d\u2019un logiciel. Avec des exemples r\u00e9els, on expliquera comment les donn\u00e9es collect\u00e9es de fa\u00e7on automatis\u00e9e permettent aux gestionnaires de proximit\u00e9 d\u2019ajuster sur une base mensuelle la dotation dans les 12 unit\u00e9s de vie de l\u2019organisation. Le logiciel regroupe dans un seul environnement num\u00e9rique les informations suivantes: profil de la client\u00e8le, indice de lourdeur, nombre de cas tr\u00e8s lourd, charge de travail subjective, fr\u00e9quence des chutes, transferts, nombre de cas d\u2019infection, m\u00e9dicaments PRN, niveau de saturation du temps disponible des soignants et le score de personnel. Gr\u00e2ce \u00e0 ces informations pr\u00e9sent\u00e9es sous forme graphique et num\u00e9riques, les gestionnaires de proximit\u00e9 sont en mesure d\u2019apporter des ajustements tr\u00e8s pr\u00e9cis \u00e0 la dotation. Cette approche de dotation \u00e9quilibr\u00e9e constitue une voie prometteuse pour les organisations soucieuses de r\u00e9pondre aux besoins complexes, diversifi\u00e9s et \u00e9volutifs de leurs r\u00e9sidents.<\/p>","_et_gb_content_width":"","_exactmetrics_skip_tracking":false,"_exactmetrics_sitenote_active":false,"_exactmetrics_sitenote_note":"","_exactmetrics_sitenote_category":0,"footnotes":""},"categories":[25,21],"tags":[],"class_list":["post-1546","post","type-post","status-publish","format-standard","hentry","category-ateliers","category-programmation"],"_links":{"self":[{"href":"https:\/\/www.lepointensante.com\/colloque-pour-le-mieux-etre-des-aines\/wp-json\/wp\/v2\/posts\/1546","targetHints":{"allow":["GET"]}}],"collection":[{"href":"https:\/\/www.lepointensante.com\/colloque-pour-le-mieux-etre-des-aines\/wp-json\/wp\/v2\/posts"}],"about":[{"href":"https:\/\/www.lepointensante.com\/colloque-pour-le-mieux-etre-des-aines\/wp-json\/wp\/v2\/types\/post"}],"author":[{"embeddable":true,"href":"https:\/\/www.lepointensante.com\/colloque-pour-le-mieux-etre-des-aines\/wp-json\/wp\/v2\/users\/7"}],"replies":[{"embeddable":true,"href":"https:\/\/www.lepointensante.com\/colloque-pour-le-mieux-etre-des-aines\/wp-json\/wp\/v2\/comments?post=1546"}],"version-history":[{"count":7,"href":"https:\/\/www.lepointensante.com\/colloque-pour-le-mieux-etre-des-aines\/wp-json\/wp\/v2\/posts\/1546\/revisions"}],"predecessor-version":[{"id":1568,"href":"https:\/\/www.lepointensante.com\/colloque-pour-le-mieux-etre-des-aines\/wp-json\/wp\/v2\/posts\/1546\/revisions\/1568"}],"wp:attachment":[{"href":"https:\/\/www.lepointensante.com\/colloque-pour-le-mieux-etre-des-aines\/wp-json\/wp\/v2\/media?parent=1546"}],"wp:term":[{"taxonomy":"category","embeddable":true,"href":"https:\/\/www.lepointensante.com\/colloque-pour-le-mieux-etre-des-aines\/wp-json\/wp\/v2\/categories?post=1546"},{"taxonomy":"post_tag","embeddable":true,"href":"https:\/\/www.lepointensante.com\/colloque-pour-le-mieux-etre-des-aines\/wp-json\/wp\/v2\/tags?post=1546"}],"curies":[{"name":"wp","href":"https:\/\/api.w.org\/{rel}","templated":true}]}}