{"id":1617,"date":"2021-06-22T17:31:44","date_gmt":"2021-06-22T17:31:44","guid":{"rendered":"https:\/\/www.lepointensante.com\/colloque-pour-le-mieux-etre-des-aines\/?p=1617"},"modified":"2021-07-07T14:40:07","modified_gmt":"2021-07-07T14:40:07","slug":"atelier-1-6-le-defi-de-linclusion-de-la-diversite-sexuelle-et-de-genre-en-hebergement-et-en-soins-de-longue-duree","status":"publish","type":"post","link":"https:\/\/www.lepointensante.com\/colloque-pour-le-mieux-etre-des-aines\/2021\/06\/22\/atelier-1-6-le-defi-de-linclusion-de-la-diversite-sexuelle-et-de-genre-en-hebergement-et-en-soins-de-longue-duree\/","title":{"rendered":"Atelier 1-6 Le d\u00e9fi de l\u2019inclusion de la diversit\u00e9 sexuelle et de genre en h\u00e9bergement et en soins de longue dur\u00e9e"},"content":{"rendered":"<p>[et_pb_section fb_built=\u00a0\u00bb1&Prime; _builder_version=\u00a0\u00bb3.22&Prime;][et_pb_row _builder_version=\u00a0\u00bb3.25&Prime; background_size=\u00a0\u00bbinitial\u00a0\u00bb background_position=\u00a0\u00bbtop_left\u00a0\u00bb background_repeat=\u00a0\u00bbrepeat\u00a0\u00bb][et_pb_column type=\u00a0\u00bb4_4&Prime; _builder_version=\u00a0\u00bb3.25&Prime; custom_padding=\u00a0\u00bb|||\u00a0\u00bb custom_padding__hover=\u00a0\u00bb|||\u00a0\u00bb][et_pb_text _builder_version=\u00a0\u00bb4.0.10&Prime; background_size=\u00a0\u00bbinitial\u00a0\u00bb background_position=\u00a0\u00bbtop_left\u00a0\u00bb background_repeat=\u00a0\u00bbrepeat\u00a0\u00bb hover_enabled=\u00a0\u00bb0&Prime;]<div id=\"attachment_1603\" style=\"width: 310px\" class=\"wp-caption alignleft\"><img loading=\"lazy\" decoding=\"async\" aria-describedby=\"caption-attachment-1603\" class=\"wp-image-1603 size-medium\" src=\"https:\/\/www.lepointensante.com\/colloque-pour-le-mieux-etre-des-aines\/wp-content\/uploads\/sites\/16\/2021\/06\/JR2-300x300.jpg\" alt=\"\" width=\"300\" height=\"300\" \/><p id=\"caption-attachment-1603\" class=\"wp-caption-text\"><em><strong>Julien Rougerie<\/strong><\/em>, Charg\u00e9 des programmes a\u00een\u00e9.e.s et proches aidant.e.s, Fondation \u00c9mergence<\/p><\/div><div id=\"attachment_1695\" style=\"width: 310px\" class=\"wp-caption alignleft\"><img loading=\"lazy\" decoding=\"async\" aria-describedby=\"caption-attachment-1695\" class=\"wp-image-1695 size-medium\" src=\"https:\/\/www.lepointensante.com\/colloque-pour-le-mieux-etre-des-aines\/wp-content\/uploads\/sites\/16\/2021\/07\/CN2-300x300.jpg\" alt=\"\" width=\"300\" height=\"300\" \/><p id=\"caption-attachment-1695\" class=\"wp-caption-text\"><em><strong>Carole Normandin<\/strong><\/em>, B\u00e9n\u00e9vole, Fondation \u00c9mergence<\/p><\/div><\/p>\n<p style=\"text-align: justify;\">Alors que l\u2019on estime commun\u00e9ment la population lesbienne, gaie, bisexuelle et trans (LGBTQ+) \u00e0 environ 10 % de la population, chez les a\u00een\u00e9.e.s, ces personnes demeurent invisibles, principalement par crainte de divulguer leur diff\u00e9rence. Ce ph\u00e9nom\u00e8ne s\u2019explique notamment par un parcours de vie difficile dans une soci\u00e9t\u00e9 qui voyait la diversit\u00e9 sexuelle et de genre comme un crime, une maladie et un p\u00e9ch\u00e9.<\/p>\n<p style=\"text-align: justify;\">Dans les structures d\u2019h\u00e9bergement et de soins de longue dur\u00e9e, cette invisibilit\u00e9 a de lourdes r\u00e9percussions sur le bien-\u00eatre des r\u00e9sident.e.s. De nombreuses \u00e9tudes mettent en \u00e9vidence que les personnes a\u00een\u00e9es LGBTQ+ constituent une population particuli\u00e8rement vuln\u00e9rable et, au Qu\u00e9bec, le plan d\u2019action gouvernemental pour lutter contre la maltraitance envers les personnes a\u00een\u00e9es inclut d\u00e9ni de l\u2019orientation sexuelle ou de l\u2019identit\u00e9 de genre comme formes \u00e0 part enti\u00e8re de maltraitance.<\/p>\n<p style=\"text-align: justify;\">Cette conf\u00e9rence abordera justement en quoi les milieux d\u2019h\u00e9bergement peuvent maintenir sans s\u2019en rendre compte un environnement o\u00f9, en 2021, ce d\u00e9ni continue de pr\u00e9valoir. Nous y explorerons plus en d\u00e9tail les enjeux et les r\u00e9alit\u00e9s des personnes a\u00een\u00e9es LGBTQ+ et comment cr\u00e9er des environnements plus inclusifs et adapt\u00e9s \u00e0 la diversit\u00e9 sexuelle et de genre. Cet atelier s\u2019ancre dans les activit\u00e9s du programme Pour que vieillir soit gai de la Fondation \u00c9mergence, financ\u00e9 par le minist\u00e8re de la Sant\u00e9 et des Services sociaux.<\/p>\n<p>[\/et_pb_text][\/et_pb_column][\/et_pb_row][\/et_pb_section]<\/p>\n","protected":false},"excerpt":{"rendered":"<p>Alors que l\u2019on estime commun\u00e9ment la population lesbienne, gaie, bisexuelle et trans (LGBTQ+) \u00e0 environ 10 % de la population, chez les a\u00een\u00e9.e.s, ces personnes demeurent invisibles, principalement par crainte de divulguer leur diff\u00e9rence. Ce ph\u00e9nom\u00e8ne s\u2019explique notamment par un parcours de vie difficile dans une soci\u00e9t\u00e9 qui voyait la diversit\u00e9 sexuelle et de genre [&hellip;]<\/p>\n","protected":false},"author":7,"featured_media":0,"comment_status":"closed","ping_status":"closed","sticky":false,"template":"","format":"standard","meta":{"_et_pb_use_builder":"on","_et_pb_old_content":"[caption id=\"attachment_1603\" align=\"alignleft\" width=\"300\"]<img class=\"wp-image-1603 size-medium\" src=\"https:\/\/www.lepointensante.com\/colloque-pour-le-mieux-etre-des-aines\/wp-content\/uploads\/sites\/16\/2021\/06\/JR2-300x300.jpg\" alt=\"\" width=\"300\" height=\"300\" \/> <em><strong>Julien Rougerie<\/strong><\/em>, Charg\u00e9 des programmes a\u00een\u00e9.e.s et proches aidant.e.s, Fondation \u00c9mergence[\/caption]<p>Alors que l\u2019on estime commun\u00e9ment la population lesbienne, gaie, bisexuelle et trans (LGBTQ+) \u00e0 environ 10 % de la population, chez les a\u00een\u00e9.e.s, ces personnes demeurent invisibles, principalement par crainte de divulguer leur diff\u00e9rence. Ce ph\u00e9nom\u00e8ne s\u2019explique notamment par un parcours de vie difficile dans une soci\u00e9t\u00e9 qui voyait la diversit\u00e9 sexuelle et de genre comme un crime, une maladie et un p\u00e9ch\u00e9.<\/p><p>Dans les structures d\u2019h\u00e9bergement et de soins de longue, cette invisibilit\u00e9 a de lourdes r\u00e9percussions sur le bien-\u00eatre des r\u00e9sident.e.s. De nombreuses \u00e9tudes mettent en \u00e9vidence que les personnes a\u00een\u00e9es LGBTQ+ constituent une population particuli\u00e8rement vuln\u00e9rable et, au Qu\u00e9bec, le plan d\u2019action gouvernemental pour lutter contre la maltraitance envers les personnes a\u00een\u00e9es inclut d\u00e9ni de l\u2019orientation sexuelle ou de l\u2019identit\u00e9 de genre comme formes \u00e0 part enti\u00e8re de maltraitance.<\/p><p>Cette conf\u00e9rence abordera justement en quoi les milieux d\u2019h\u00e9bergement peuvent maintenir sans s\u2019en rendre compte un environnement o\u00f9, en 2021, ce d\u00e9ni continue de pr\u00e9valoir. Nous y explorerons plus en d\u00e9tail les enjeux et les r\u00e9alit\u00e9s des personnes a\u00een\u00e9es LGBTQ+ et comment cr\u00e9er des environnements plus inclusifs et adapt\u00e9s \u00e0 la diversit\u00e9 sexuelle et de genre. Cet atelier s\u2019ancre dans les activit\u00e9s du programme Pour que vieillir soit gai de la Fondation \u00c9mergence, financ\u00e9 par le minist\u00e8re de la Sant\u00e9 et des Services sociaux.<\/p>","_et_gb_content_width":"","_exactmetrics_skip_tracking":false,"_exactmetrics_sitenote_active":false,"_exactmetrics_sitenote_note":"","_exactmetrics_sitenote_category":0,"footnotes":""},"categories":[25,21],"tags":[],"class_list":["post-1617","post","type-post","status-publish","format-standard","hentry","category-ateliers","category-programmation"],"_links":{"self":[{"href":"https:\/\/www.lepointensante.com\/colloque-pour-le-mieux-etre-des-aines\/wp-json\/wp\/v2\/posts\/1617","targetHints":{"allow":["GET"]}}],"collection":[{"href":"https:\/\/www.lepointensante.com\/colloque-pour-le-mieux-etre-des-aines\/wp-json\/wp\/v2\/posts"}],"about":[{"href":"https:\/\/www.lepointensante.com\/colloque-pour-le-mieux-etre-des-aines\/wp-json\/wp\/v2\/types\/post"}],"author":[{"embeddable":true,"href":"https:\/\/www.lepointensante.com\/colloque-pour-le-mieux-etre-des-aines\/wp-json\/wp\/v2\/users\/7"}],"replies":[{"embeddable":true,"href":"https:\/\/www.lepointensante.com\/colloque-pour-le-mieux-etre-des-aines\/wp-json\/wp\/v2\/comments?post=1617"}],"version-history":[{"count":8,"href":"https:\/\/www.lepointensante.com\/colloque-pour-le-mieux-etre-des-aines\/wp-json\/wp\/v2\/posts\/1617\/revisions"}],"predecessor-version":[{"id":1704,"href":"https:\/\/www.lepointensante.com\/colloque-pour-le-mieux-etre-des-aines\/wp-json\/wp\/v2\/posts\/1617\/revisions\/1704"}],"wp:attachment":[{"href":"https:\/\/www.lepointensante.com\/colloque-pour-le-mieux-etre-des-aines\/wp-json\/wp\/v2\/media?parent=1617"}],"wp:term":[{"taxonomy":"category","embeddable":true,"href":"https:\/\/www.lepointensante.com\/colloque-pour-le-mieux-etre-des-aines\/wp-json\/wp\/v2\/categories?post=1617"},{"taxonomy":"post_tag","embeddable":true,"href":"https:\/\/www.lepointensante.com\/colloque-pour-le-mieux-etre-des-aines\/wp-json\/wp\/v2\/tags?post=1617"}],"curies":[{"name":"wp","href":"https:\/\/api.w.org\/{rel}","templated":true}]}}