{"id":1626,"date":"2021-06-22T18:38:27","date_gmt":"2021-06-22T18:38:27","guid":{"rendered":"https:\/\/www.lepointensante.com\/colloque-pour-le-mieux-etre-des-aines\/?p=1626"},"modified":"2021-06-22T18:43:36","modified_gmt":"2021-06-22T18:43:36","slug":"atelier-2-5-proche-aidance-du-domicile-a-lhebergement","status":"publish","type":"post","link":"https:\/\/www.lepointensante.com\/colloque-pour-le-mieux-etre-des-aines\/2021\/06\/22\/atelier-2-5-proche-aidance-du-domicile-a-lhebergement\/","title":{"rendered":"Atelier 2-5 Proche aidance, du domicile \u00e0 l\u2019h\u00e9bergement"},"content":{"rendered":"<p>[et_pb_section fb_built=\u00a0\u00bb1&Prime; _builder_version=\u00a0\u00bb3.22&Prime;][et_pb_row _builder_version=\u00a0\u00bb3.25&Prime; background_size=\u00a0\u00bbinitial\u00a0\u00bb background_position=\u00a0\u00bbtop_left\u00a0\u00bb background_repeat=\u00a0\u00bbrepeat\u00a0\u00bb][et_pb_column type=\u00a0\u00bb4_4&Prime; _builder_version=\u00a0\u00bb3.25&Prime; custom_padding=\u00a0\u00bb|||\u00a0\u00bb custom_padding__hover=\u00a0\u00bb|||\u00a0\u00bb][et_pb_text _builder_version=\u00a0\u00bb4.0.10&Prime; background_size=\u00a0\u00bbinitial\u00a0\u00bb background_position=\u00a0\u00bbtop_left\u00a0\u00bb background_repeat=\u00a0\u00bbrepeat\u00a0\u00bb hover_enabled=\u00a0\u00bb0&Prime;]<div id=\"attachment_1613\" style=\"width: 310px\" class=\"wp-caption alignleft\"><img loading=\"lazy\" decoding=\"async\" aria-describedby=\"caption-attachment-1613\" class=\"wp-image-1613 size-medium\" src=\"https:\/\/www.lepointensante.com\/colloque-pour-le-mieux-etre-des-aines\/wp-content\/uploads\/sites\/16\/2021\/06\/MPitre2-300x300.jpg\" alt=\"\" width=\"300\" height=\"300\" \/><p id=\"caption-attachment-1613\" class=\"wp-caption-text\"><em><strong>Monica Pitre<\/strong><\/em>, Pr\u00e9sidente et fondatrice, Dimension Humaine<\/p><\/div><div id=\"attachment_1615\" style=\"width: 310px\" class=\"wp-caption alignleft\"><img loading=\"lazy\" decoding=\"async\" aria-describedby=\"caption-attachment-1615\" class=\"wp-image-1615 size-medium\" src=\"https:\/\/www.lepointensante.com\/colloque-pour-le-mieux-etre-des-aines\/wp-content\/uploads\/sites\/16\/2021\/06\/SL2-300x300.jpg\" alt=\"\" width=\"300\" height=\"300\" \/><p id=\"caption-attachment-1615\" class=\"wp-caption-text\"><em><strong>Sonia Lessard<\/strong><\/em>, Directrice G\u00e9n\u00e9rale, L&rsquo;Appui Mont\u00e9r\u00e9gie<\/p><\/div><\/p>\n<p style=\"text-align: justify;\">Nous aborderons la place des proches aidants en h\u00e9bergement et l\u2019importance de les soutenir, particuli\u00e8rement dans la p\u00e9riode de transition, du domicile \u00e0 l\u2019h\u00e9bergement.<\/p>\n<p style=\"text-align: justify;\">Les proches aidants pr\u00e9sentent des besoins divers qui leur sont propres. L\u2019offre de soutien doit pouvoir s\u2019adapter \u00e0 leur r\u00e9alit\u00e9. Des strat\u00e9gies seront pr\u00e9sent\u00e9es, pour faciliter la transition du domicile \u00e0 l\u2019h\u00e9bergement pour les proches aidants. Parmi les strat\u00e9gies, certaines seront adapt\u00e9es au contexte de pand\u00e9mie. Nous traiterons donc des difficult\u00e9s rencontr\u00e9es par les proches, les besoins de communication, les peurs et autres probl\u00e9matiques dont on peut r\u00e9duire les effets en y accordant une attention particuli\u00e8re et surtout adapt\u00e9e. D\u2019autres strat\u00e9gies seront \u00e9galement pr\u00e9sent\u00e9es dans le but de se pr\u00e9parer \u00e0 l\u2019apr\u00e8s-pand\u00e9mie. Par exemple, nous aborderons l\u2019importance de renouveler l\u2019offre d\u2019un b\u00e9n\u00e9volat pour qu\u2019elle soit mieux adapt\u00e9e.<\/p>\n<p style=\"text-align: justify;\">Nous traiterons du besoin d\u2019int\u00e9grer les proches aidants pour qu\u2019ils soient des membres de l\u2019\u00e9quipe \u00e0 part enti\u00e8re. Finalement, nous soulignerons le soutien du milieu communautaire ayant \u00e9volu\u00e9 avec les ann\u00e9es pour r\u00e9pondre aux besoins des proches aidants. Ainsi, certaines ressources communautaires, gr\u00e2ce entre autres au soutien financier des Appuis, ont pu d\u00e9velopper une offre de services en compl\u00e9mentarit\u00e9 avec les r\u00e9seaux de soins d\u00e9j\u00e0 existants. Les ressources d\u2019h\u00e9bergement, pour toutes sortes de raisons valables, d\u00e9laissent parfois le soutien aux proches aidants. Notre atelier permettra aux participants d\u2019\u00e9laborer des strat\u00e9gies dans leur milieu pour soutenir davantage les proches aidants, conna\u00eetre les outils et ressources existantes. En valorisant et respectant le r\u00f4le des proches aidants, nous \u00e9tablissons un lien gagnant-gagnant, particuli\u00e8rement important en contexte de pand\u00e9mie, de p\u00e9nurie de main-d&rsquo;\u0153uvre et de vieillissement de la population.<\/p>\n<p>[\/et_pb_text][\/et_pb_column][\/et_pb_row][\/et_pb_section]<\/p>\n","protected":false},"excerpt":{"rendered":"<p>Nous aborderons la place des proches aidants en h\u00e9bergement et l\u2019importance de les soutenir, particuli\u00e8rement dans la p\u00e9riode de transition, du domicile \u00e0 l\u2019h\u00e9bergement. Les proches aidants pr\u00e9sentent des besoins divers qui leur sont propres. L\u2019offre de soutien doit pouvoir s\u2019adapter \u00e0 leur r\u00e9alit\u00e9. Des strat\u00e9gies seront pr\u00e9sent\u00e9es, pour faciliter la transition du domicile \u00e0 [&hellip;]<\/p>\n","protected":false},"author":7,"featured_media":0,"comment_status":"closed","ping_status":"closed","sticky":false,"template":"","format":"standard","meta":{"_et_pb_use_builder":"on","_et_pb_old_content":"[caption id=\"attachment_1613\" align=\"alignleft\" width=\"300\"]<img class=\"wp-image-1613 size-medium\" src=\"https:\/\/www.lepointensante.com\/colloque-pour-le-mieux-etre-des-aines\/wp-content\/uploads\/sites\/16\/2021\/06\/MPitre2-300x300.jpg\" alt=\"\" width=\"300\" height=\"300\" \/> Monica Pitre, Pr\u00e9sidente et fondatrice, Dimension Humaine[\/caption][caption id=\"attachment_1615\" align=\"alignleft\" width=\"300\"]<img class=\"wp-image-1615 size-medium\" src=\"https:\/\/www.lepointensante.com\/colloque-pour-le-mieux-etre-des-aines\/wp-content\/uploads\/sites\/16\/2021\/06\/SL2-300x300.jpg\" alt=\"\" width=\"300\" height=\"300\" \/> Sonia Lessard, Directrice G\u00e9n\u00e9rale, L'Appui Mont\u00e9r\u00e9gie[\/caption]<p>Nous aborderons la place des proches aidants en h\u00e9bergement et l\u2019importance de les soutenir, particuli\u00e8rement dans la p\u00e9riode de transition, du domicile \u00e0 l\u2019h\u00e9bergement.<\/p><p>Les proches aidants pr\u00e9sentent des besoins divers qui leur sont propres. L\u2019offre de soutien doit pouvoir s\u2019adapter \u00e0 leur r\u00e9alit\u00e9. Des strat\u00e9gies seront pr\u00e9sent\u00e9es, pour faciliter la transition du domicile \u00e0 l\u2019h\u00e9bergement pour les proches aidants. Parmi les strat\u00e9gies, certaines seront adapt\u00e9es au contexte de pand\u00e9mie. Nous traiterons donc des difficult\u00e9s rencontr\u00e9es par les proches, les besoins de communication, les peurs et autres probl\u00e9matiques dont on peut r\u00e9duire les effets en y accordant une attention particuli\u00e8re et surtout adapt\u00e9e. D\u2019autres strat\u00e9gies seront \u00e9galement pr\u00e9sent\u00e9es dans le but de se pr\u00e9parer \u00e0 l\u2019apr\u00e8s-pand\u00e9mie. Par exemple, nous aborderons l\u2019importance de renouveler l\u2019offre d\u2019un b\u00e9n\u00e9volat pour qu\u2019elle soit mieux adapt\u00e9e.<\/p><p>Nous traiterons du besoin d\u2019int\u00e9grer les proches aidants pour qu\u2019ils soient des membres de l\u2019\u00e9quipe \u00e0 part enti\u00e8re. Finalement, nous soulignerons le soutien du milieu communautaire ayant \u00e9volu\u00e9 avec les ann\u00e9es pour r\u00e9pondre aux besoins des proches aidants. Ainsi, certaines ressources communautaires, gr\u00e2ce entre autres au soutien financier des Appuis, ont pu d\u00e9velopper une offre de services en compl\u00e9mentarit\u00e9 avec les r\u00e9seaux de soins d\u00e9j\u00e0 existants. Les ressources d\u2019h\u00e9bergement, pour toutes sortes de raisons valables, d\u00e9laissent parfois le soutien aux proches aidants. Notre atelier permettra aux participants d\u2019\u00e9laborer des strat\u00e9gies dans leur milieu pour soutenir davantage les proches aidants, conna\u00eetre les outils et ressources existantes. En valorisant et respectant le r\u00f4le des proches aidants, nous \u00e9tablissons un lien gagnant-gagnant, particuli\u00e8rement important en contexte de pand\u00e9mie, de p\u00e9nurie de main-d'\u0153uvre et de vieillissement de la population.<\/p>","_et_gb_content_width":"","_exactmetrics_skip_tracking":false,"_exactmetrics_sitenote_active":false,"_exactmetrics_sitenote_note":"","_exactmetrics_sitenote_category":0,"footnotes":""},"categories":[25,21],"tags":[],"class_list":["post-1626","post","type-post","status-publish","format-standard","hentry","category-ateliers","category-programmation"],"_links":{"self":[{"href":"https:\/\/www.lepointensante.com\/colloque-pour-le-mieux-etre-des-aines\/wp-json\/wp\/v2\/posts\/1626","targetHints":{"allow":["GET"]}}],"collection":[{"href":"https:\/\/www.lepointensante.com\/colloque-pour-le-mieux-etre-des-aines\/wp-json\/wp\/v2\/posts"}],"about":[{"href":"https:\/\/www.lepointensante.com\/colloque-pour-le-mieux-etre-des-aines\/wp-json\/wp\/v2\/types\/post"}],"author":[{"embeddable":true,"href":"https:\/\/www.lepointensante.com\/colloque-pour-le-mieux-etre-des-aines\/wp-json\/wp\/v2\/users\/7"}],"replies":[{"embeddable":true,"href":"https:\/\/www.lepointensante.com\/colloque-pour-le-mieux-etre-des-aines\/wp-json\/wp\/v2\/comments?post=1626"}],"version-history":[{"count":6,"href":"https:\/\/www.lepointensante.com\/colloque-pour-le-mieux-etre-des-aines\/wp-json\/wp\/v2\/posts\/1626\/revisions"}],"predecessor-version":[{"id":1637,"href":"https:\/\/www.lepointensante.com\/colloque-pour-le-mieux-etre-des-aines\/wp-json\/wp\/v2\/posts\/1626\/revisions\/1637"}],"wp:attachment":[{"href":"https:\/\/www.lepointensante.com\/colloque-pour-le-mieux-etre-des-aines\/wp-json\/wp\/v2\/media?parent=1626"}],"wp:term":[{"taxonomy":"category","embeddable":true,"href":"https:\/\/www.lepointensante.com\/colloque-pour-le-mieux-etre-des-aines\/wp-json\/wp\/v2\/categories?post=1626"},{"taxonomy":"post_tag","embeddable":true,"href":"https:\/\/www.lepointensante.com\/colloque-pour-le-mieux-etre-des-aines\/wp-json\/wp\/v2\/tags?post=1626"}],"curies":[{"name":"wp","href":"https:\/\/api.w.org\/{rel}","templated":true}]}}