{"id":1655,"date":"2021-06-22T19:32:09","date_gmt":"2021-06-22T19:32:09","guid":{"rendered":"https:\/\/www.lepointensante.com\/colloque-pour-le-mieux-etre-des-aines\/?p=1655"},"modified":"2021-07-07T17:32:16","modified_gmt":"2021-07-07T17:32:16","slug":"atelier-3-3-prendre-soin-des-aines-une-priorite-au-quebec","status":"publish","type":"post","link":"https:\/\/www.lepointensante.com\/colloque-pour-le-mieux-etre-des-aines\/2021\/06\/22\/atelier-3-3-prendre-soin-des-aines-une-priorite-au-quebec\/","title":{"rendered":"Atelier 3-3 Prendre soin des a\u00een\u00e9s : Une priorit\u00e9 au Qu\u00e9bec | Le r\u00f4le essentiel de l\u2019infirmi\u00e8re auxiliaire par la reconnaissance de son plein champ d\u2019exercice"},"content":{"rendered":"<p>[et_pb_section fb_built=\u00a0\u00bb1&Prime; _builder_version=\u00a0\u00bb3.22&Prime;][et_pb_row _builder_version=\u00a0\u00bb3.25&Prime; background_size=\u00a0\u00bbinitial\u00a0\u00bb background_position=\u00a0\u00bbtop_left\u00a0\u00bb background_repeat=\u00a0\u00bbrepeat\u00a0\u00bb][et_pb_column type=\u00a0\u00bb4_4&Prime; _builder_version=\u00a0\u00bb3.25&Prime; custom_padding=\u00a0\u00bb|||\u00a0\u00bb custom_padding__hover=\u00a0\u00bb|||\u00a0\u00bb][et_pb_text _builder_version=\u00a0\u00bb4.0.10&Prime; background_size=\u00a0\u00bbinitial\u00a0\u00bb background_position=\u00a0\u00bbtop_left\u00a0\u00bb background_repeat=\u00a0\u00bbrepeat\u00a0\u00bb hover_enabled=\u00a0\u00bb0&Prime;]<div id=\"attachment_1605\" style=\"width: 310px\" class=\"wp-caption alignleft\"><img loading=\"lazy\" decoding=\"async\" aria-describedby=\"caption-attachment-1605\" class=\"wp-image-1605 size-medium\" src=\"https:\/\/www.lepointensante.com\/colloque-pour-le-mieux-etre-des-aines\/wp-content\/uploads\/sites\/16\/2021\/06\/JSG2-300x300.jpg\" alt=\"\" width=\"300\" height=\"300\" \/><p id=\"caption-attachment-1605\" class=\"wp-caption-text\"><em><strong>Julie St-Germain<\/strong><\/em>, Directrice Inspection et pratique professionnelles, Ordre des infirmi\u00e8res et infirmiers auxiliaires du Qu\u00e9bec<\/p><\/div><div id=\"attachment_1607\" style=\"width: 310px\" class=\"wp-caption alignleft\"><img loading=\"lazy\" decoding=\"async\" aria-describedby=\"caption-attachment-1607\" class=\"wp-image-1607 size-medium\" src=\"https:\/\/www.lepointensante.com\/colloque-pour-le-mieux-etre-des-aines\/wp-content\/uploads\/sites\/16\/2021\/06\/LMRP2-300x300.jpg\" alt=\"\" width=\"300\" height=\"300\" \/><p id=\"caption-attachment-1607\" class=\"wp-caption-text\"><em><strong>Lisa-Marie Roy-Perron<\/strong><\/em>, Directrice technique pratique professionnelle et de la formation continue obligatoire, Ordre des infirmi\u00e8res et infirmiers auxiliaires du Qu\u00e9bec<\/p><\/div><\/p>\n<p style=\"text-align: justify;\">Les cons\u00e9quences de la pand\u00e9mie de COVID-19 sur les a\u00een\u00e9s ainsi que les enjeux de la protection du public, combin\u00e9s aux restrictions du champ d\u2019exercice de l\u2019infirmi\u00e8re auxiliaire, am\u00e8nent l\u2019Ordre des infirmi\u00e8res et infirmiers auxiliaires du Qu\u00e9bec \u00e0 se prononcer sur la place importante qu\u2019occupe celle-ci aupr\u00e8s des a\u00een\u00e9s.<\/p>\n<p style=\"text-align: justify;\">L\u2019infirmi\u00e8re auxiliaire d\u00e9tient les comp\u00e9tences et le jugement professionnel requis pour r\u00e9pondre aux multiples besoins des a\u00een\u00e9s, pour prodiguer des soins de qualit\u00e9 au moment opportun et pour participer \u00e0 leur bien-\u00eatre ainsi qu\u2019\u00e0 l\u2019am\u00e9lioration de leur sentiment de s\u00e9curit\u00e9. Il est primordial de reconna\u00eetre le plein potentiel de l\u2019infirmi\u00e8re auxiliaire et l\u2019importance de sa contribution par une utilisation optimale de son champ d\u2019exercice dans les milieux de vie des a\u00een\u00e9s, publics ou priv\u00e9s, tels que les centres d\u2019h\u00e9bergement de soins de longue dur\u00e9e, les r\u00e9sidences priv\u00e9es pour a\u00een\u00e9s, les ressources interm\u00e9diaires et les centres locaux de services communautaires dans les activit\u00e9s du soutien \u00e0 domicile. Dans le contexte de cette pand\u00e9mie, il est essentiel que toutes les ressources disponibles soient d\u00e9ploy\u00e9es et utilis\u00e9es judicieusement.<\/p>\n<p style=\"text-align: justify;\">L\u2019infirmi\u00e8re auxiliaire contribue \u00e0 l\u2019\u00e9valuation des multiples besoins des a\u00een\u00e9s, notamment par le biais de collectes de donn\u00e9es pr\u00e9vues pour diverses situations cliniques. Elle dispense les soins et les traitements m\u00e9dicaux requis, maintient une communication efficace au sein de l\u2019\u00e9quipe interdisciplinaire et accompagne la personne et le proche aidant dans leur parcours aux multiples transitions hors du milieu naturel, passage oblig\u00e9 pour la majorit\u00e9 des a\u00een\u00e9s en perte d\u2019autonomie. Permettre \u00e0 l\u2019infirmi\u00e8re auxiliaire d\u2019utiliser enti\u00e8rement ses connaissances et ses comp\u00e9tences et uniformiser son champ d\u2019exercice dans tous les milieux de soins fera en sorte qu\u2019elle pourra contribuer \u00e0 freiner les \u00e9closions, encadrer les pr\u00e9pos\u00e9(e)s aux b\u00e9n\u00e9ficiaires, s\u2019impliquer davantage dans les campagnes de vaccination et am\u00e9liorer la prestation de soins de qualit\u00e9 et s\u00e9curitaire aux a\u00een\u00e9s.<\/p>\n<p style=\"text-align: justify;\">\u00c0 travers cette conf\u00e9rence, nous voulons partager avec vous les pistes de solutions propos\u00e9es dans notre m\u00e9moire et ainsi mettre en lumi\u00e8re cette professionnelle de la sant\u00e9 souvent dans l\u2019ombre.<\/p>\n<p>[\/et_pb_text][\/et_pb_column][\/et_pb_row][\/et_pb_section]<\/p>\n","protected":false},"excerpt":{"rendered":"<p>Les cons\u00e9quences de la pand\u00e9mie de COVID-19 sur les a\u00een\u00e9s ainsi que les enjeux de la protection du public, combin\u00e9s aux restrictions du champ d\u2019exercice de l\u2019infirmi\u00e8re auxiliaire, am\u00e8nent l\u2019Ordre des infirmi\u00e8res et infirmiers auxiliaires du Qu\u00e9bec \u00e0 se prononcer sur la place importante qu\u2019occupe celle-ci aupr\u00e8s des a\u00een\u00e9s. L\u2019infirmi\u00e8re auxiliaire d\u00e9tient les comp\u00e9tences et [&hellip;]<\/p>\n","protected":false},"author":7,"featured_media":0,"comment_status":"closed","ping_status":"closed","sticky":false,"template":"","format":"standard","meta":{"_et_pb_use_builder":"on","_et_pb_old_content":"[caption id=\"attachment_1605\" align=\"alignleft\" width=\"300\"]<img class=\"wp-image-1605 size-medium\" src=\"https:\/\/www.lepointensante.com\/colloque-pour-le-mieux-etre-des-aines\/wp-content\/uploads\/sites\/16\/2021\/06\/JSG2-300x300.jpg\" alt=\"\" width=\"300\" height=\"300\" \/> <em><strong>Julie St-Germain<\/strong><\/em>, Directrice Inspection et pratique professionnelles, Ordre des infirmi\u00e8res et infirmiers auxiliaires du Qu\u00e9bec[\/caption][caption id=\"attachment_1607\" align=\"alignleft\" width=\"300\"]<img class=\"wp-image-1607 size-medium\" src=\"https:\/\/www.lepointensante.com\/colloque-pour-le-mieux-etre-des-aines\/wp-content\/uploads\/sites\/16\/2021\/06\/LMRP2-300x300.jpg\" alt=\"\" width=\"300\" height=\"300\" \/> <em><strong>Lisa-Marie Roy-Perron<\/strong><\/em>, Directrice technique pratique professionnelle et de la formation continue obligatoire, Ordre des infirmi\u00e8res et infirmiers auxiliaires du Qu\u00e9bec[\/caption]<p>Les cons\u00e9quences de la pand\u00e9mie de COVID-19 sur les a\u00een\u00e9s ainsi que les enjeux de la protection du public, combin\u00e9s aux restrictions du champ d\u2019exercice de l\u2019infirmi\u00e8re auxiliaire, am\u00e8nent l\u2019Ordre des infirmi\u00e8res et infirmiers auxiliaires du Qu\u00e9bec \u00e0 se prononcer sur la place importante qu\u2019occupe celle-ci aupr\u00e8s des a\u00een\u00e9s.<\/p><p>L\u2019infirmi\u00e8re auxiliaire d\u00e9tient les comp\u00e9tences et le jugement professionnel requis pour r\u00e9pondre aux multiples besoins des a\u00een\u00e9s, pour prodiguer des soins de qualit\u00e9 au moment opportun et pour participer \u00e0 leur bien-\u00eatre ainsi qu\u2019\u00e0 l\u2019am\u00e9lioration de leur sentiment de s\u00e9curit\u00e9. Il est primordial de reconna\u00eetre le plein potentiel de l\u2019infirmi\u00e8re auxiliaire et l\u2019importance de sa contribution par une utilisation optimale de son champ d\u2019exercice dans les milieux de vie des a\u00een\u00e9s, publics ou priv\u00e9s, tels que les centres d\u2019h\u00e9bergement de soins de longue dur\u00e9e, les r\u00e9sidences priv\u00e9es pour a\u00een\u00e9s, les ressources interm\u00e9diaires et les centres locaux de services communautaires dans les activit\u00e9s du soutien \u00e0 domicile. Dans le contexte de cette pand\u00e9mie, il est essentiel que toutes les ressources disponibles soient d\u00e9ploy\u00e9es et utilis\u00e9es judicieusement.<\/p><p>L\u2019infirmi\u00e8re auxiliaire contribue \u00e0 l\u2019\u00e9valuation des multiples besoins des a\u00een\u00e9s, notamment par le biais de collectes de donn\u00e9es pr\u00e9vues pour diverses situations cliniques. Elle dispense les soins et les traitements m\u00e9dicaux requis, maintient une communication efficace au sein de l\u2019\u00e9quipe interdisciplinaire et accompagne la personne et le proche aidant dans leur parcours aux multiples transitions hors du milieu naturel, passage oblig\u00e9 pour la majorit\u00e9 des a\u00een\u00e9s en perte d\u2019autonomie. Permettre \u00e0 l\u2019infirmi\u00e8re auxiliaire d\u2019utiliser enti\u00e8rement ses connaissances et ses comp\u00e9tences et uniformiser son champ d\u2019exercice dans tous les milieux de soins fera en sorte qu\u2019elle pourra contribuer \u00e0 freiner les \u00e9closions, encadrer les<br \/>pr\u00e9pos\u00e9(e)s aux b\u00e9n\u00e9ficiaires, s\u2019impliquer davantage dans les campagnes de vaccination et am\u00e9liorer la prestation de soins de qualit\u00e9 et s\u00e9curitaire aux a\u00een\u00e9s.<\/p><p>\u00c0 travers cette conf\u00e9rence, nous voulons partager avec vous les pistes de solutions propos\u00e9es dans notre m\u00e9moire et ainsi mettre en lumi\u00e8re cette professionnelle de la sant\u00e9 souvent dans l\u2019ombre.<\/p>","_et_gb_content_width":"","_exactmetrics_skip_tracking":false,"_exactmetrics_sitenote_active":false,"_exactmetrics_sitenote_note":"","_exactmetrics_sitenote_category":0,"footnotes":""},"categories":[25,21],"tags":[],"class_list":["post-1655","post","type-post","status-publish","format-standard","hentry","category-ateliers","category-programmation"],"_links":{"self":[{"href":"https:\/\/www.lepointensante.com\/colloque-pour-le-mieux-etre-des-aines\/wp-json\/wp\/v2\/posts\/1655","targetHints":{"allow":["GET"]}}],"collection":[{"href":"https:\/\/www.lepointensante.com\/colloque-pour-le-mieux-etre-des-aines\/wp-json\/wp\/v2\/posts"}],"about":[{"href":"https:\/\/www.lepointensante.com\/colloque-pour-le-mieux-etre-des-aines\/wp-json\/wp\/v2\/types\/post"}],"author":[{"embeddable":true,"href":"https:\/\/www.lepointensante.com\/colloque-pour-le-mieux-etre-des-aines\/wp-json\/wp\/v2\/users\/7"}],"replies":[{"embeddable":true,"href":"https:\/\/www.lepointensante.com\/colloque-pour-le-mieux-etre-des-aines\/wp-json\/wp\/v2\/comments?post=1655"}],"version-history":[{"count":8,"href":"https:\/\/www.lepointensante.com\/colloque-pour-le-mieux-etre-des-aines\/wp-json\/wp\/v2\/posts\/1655\/revisions"}],"predecessor-version":[{"id":1738,"href":"https:\/\/www.lepointensante.com\/colloque-pour-le-mieux-etre-des-aines\/wp-json\/wp\/v2\/posts\/1655\/revisions\/1738"}],"wp:attachment":[{"href":"https:\/\/www.lepointensante.com\/colloque-pour-le-mieux-etre-des-aines\/wp-json\/wp\/v2\/media?parent=1655"}],"wp:term":[{"taxonomy":"category","embeddable":true,"href":"https:\/\/www.lepointensante.com\/colloque-pour-le-mieux-etre-des-aines\/wp-json\/wp\/v2\/categories?post=1655"},{"taxonomy":"post_tag","embeddable":true,"href":"https:\/\/www.lepointensante.com\/colloque-pour-le-mieux-etre-des-aines\/wp-json\/wp\/v2\/tags?post=1655"}],"curies":[{"name":"wp","href":"https:\/\/api.w.org\/{rel}","templated":true}]}}