{"id":1661,"date":"2021-06-22T19:37:07","date_gmt":"2021-06-22T19:37:07","guid":{"rendered":"https:\/\/www.lepointensante.com\/colloque-pour-le-mieux-etre-des-aines\/?p=1661"},"modified":"2021-07-07T15:44:22","modified_gmt":"2021-07-07T15:44:22","slug":"atelier-3-5-passons-a-laction-pour-que-les-soins-aux-personnes-ainees-soient-une-priorite-nationale","status":"publish","type":"post","link":"https:\/\/www.lepointensante.com\/colloque-pour-le-mieux-etre-des-aines\/2021\/06\/22\/atelier-3-5-passons-a-laction-pour-que-les-soins-aux-personnes-ainees-soient-une-priorite-nationale\/","title":{"rendered":"Atelier 3-5 Passons \u00e0 l\u2019action pour que les soins aux personnes a\u00een\u00e9es soient une priorit\u00e9 nationale"},"content":{"rendered":"<p>[et_pb_section fb_built=\u00a0\u00bb1&Prime; _builder_version=\u00a0\u00bb3.22&Prime;][et_pb_row _builder_version=\u00a0\u00bb3.25&Prime; background_size=\u00a0\u00bbinitial\u00a0\u00bb background_position=\u00a0\u00bbtop_left\u00a0\u00bb background_repeat=\u00a0\u00bbrepeat\u00a0\u00bb][et_pb_column type=\u00a0\u00bb4_4&Prime; _builder_version=\u00a0\u00bb3.25&Prime; custom_padding=\u00a0\u00bb|||\u00a0\u00bb custom_padding__hover=\u00a0\u00bb|||\u00a0\u00bb][et_pb_text _builder_version=\u00a0\u00bb4.0.10&Prime; background_size=\u00a0\u00bbinitial\u00a0\u00bb background_position=\u00a0\u00bbtop_left\u00a0\u00bb background_repeat=\u00a0\u00bbrepeat\u00a0\u00bb hover_enabled=\u00a0\u00bb0&Prime;]<div id=\"attachment_1728\" style=\"width: 310px\" class=\"wp-caption alignleft\"><img loading=\"lazy\" decoding=\"async\" aria-describedby=\"caption-attachment-1728\" class=\"wp-image-1728 size-medium\" src=\"https:\/\/www.lepointensante.com\/colloque-pour-le-mieux-etre-des-aines\/wp-content\/uploads\/sites\/16\/2021\/07\/CM2-300x300.jpg\" alt=\"\" width=\"300\" height=\"300\" \/><p id=\"caption-attachment-1728\" class=\"wp-caption-text\"><em><strong>Carine Milante<\/strong><\/em>, Conseill\u00e8re \u00e0 la qualit\u00e9 de la pratique, Ordre des infirmi\u00e8res et infirmiers du Qu\u00e9bec<\/p><\/div><\/p>\n<p style=\"text-align: justify;\">L\u2019Ordre des infirmi\u00e8res et infirmiers du Qu\u00e9bec (OIIQ) est le plus grand ordre professionnel dans le domaine de la sant\u00e9 au Qu\u00e9bec avec plus de 80 000 membres actifs. Depuis plusieurs ann\u00e9es, l\u2019OIIQ a pris la parole \u00e0 de nombreuses reprises pour affirmer que l\u2019exercice infirmier aupr\u00e8s des personnes a\u00een\u00e9es n\u00e9cessite des comp\u00e9tences sp\u00e9cifiques afin d\u2019offrir des soins de qualit\u00e9. La pand\u00e9mie actuelle d\u00e9montre encore plus \u00e0 quel point il est imp\u00e9ratif d\u2019agir pour les soins aux personnes a\u00een\u00e9es. Pour l\u2019OIIQ, l\u2019heure est d&rsquo;amener des solutions concr\u00e8tes d\u2019am\u00e9lioration qui passent notamment par une gouvernance infirmi\u00e8re forte et mettant de l\u2019avant une prestation s\u00e9curitaire des soins dans tous les milieux o\u00f9 vivent les personnes a\u00een\u00e9es, y compris une pr\u00e9sence infirmi\u00e8re en nombre suffisant, une organisation des services qui permet un encadrement efficient des soins et des services ainsi qu\u2019une formation ad\u00e9quate de tous les membres de l\u2019\u00e9quipe de soins.<\/p>\n<p>[\/et_pb_text][\/et_pb_column][\/et_pb_row][\/et_pb_section]<\/p>\n","protected":false},"excerpt":{"rendered":"<p>L\u2019Ordre des infirmi\u00e8res et infirmiers du Qu\u00e9bec (OIIQ) est le plus grand ordre professionnel dans le domaine de la sant\u00e9 au Qu\u00e9bec avec plus de 80 000 membres actifs. Depuis plusieurs ann\u00e9es, l\u2019OIIQ a pris la parole \u00e0 de nombreuses reprises pour affirmer que l\u2019exercice infirmier aupr\u00e8s des personnes a\u00een\u00e9es n\u00e9cessite des comp\u00e9tences sp\u00e9cifiques afin [&hellip;]<\/p>\n","protected":false},"author":7,"featured_media":0,"comment_status":"closed","ping_status":"closed","sticky":false,"template":"","format":"standard","meta":{"_et_pb_use_builder":"on","_et_pb_old_content":"<p>L\u2019Ordre des infirmi\u00e8res et infirmiers du Qu\u00e9bec (OIIQ) est le plus grand ordre professionnel dans le domaine de la sant\u00e9 au Qu\u00e9bec avec plus de 80 000 membres actifs. Depuis plusieurs ann\u00e9es, l\u2019OIIQ a pris la parole \u00e0 de nombreuses reprises pour affirmer que l\u2019exercice infirmier aupr\u00e8s des personnes a\u00een\u00e9es n\u00e9cessite des comp\u00e9tences sp\u00e9cifiques afin d\u2019offrir des soins de qualit\u00e9. La pand\u00e9mie actuelle d\u00e9montre encore plus \u00e0 quel point il est imp\u00e9ratif d\u2019agir pour les soins aux personnes a\u00een\u00e9es. Pour l\u2019OIIQ, l\u2019heure est d'amener des solutions concr\u00e8tes d\u2019am\u00e9lioration qui passent notamment par une gouvernance infirmi\u00e8re forte et mettant de l\u2019avant une prestation s\u00e9curitaire des soins dans tous les milieux o\u00f9 vivent les personnes a\u00een\u00e9es, y compris une pr\u00e9sence infirmi\u00e8re en nombre suffisant, une organisation des services qui permet un encadrement efficient des soins et des services ainsi qu\u2019une formation ad\u00e9quate de tous les membres de l\u2019\u00e9quipe de soins.<\/p>","_et_gb_content_width":"","_exactmetrics_skip_tracking":false,"_exactmetrics_sitenote_active":false,"_exactmetrics_sitenote_note":"","_exactmetrics_sitenote_category":0,"footnotes":""},"categories":[25,21],"tags":[],"class_list":["post-1661","post","type-post","status-publish","format-standard","hentry","category-ateliers","category-programmation"],"_links":{"self":[{"href":"https:\/\/www.lepointensante.com\/colloque-pour-le-mieux-etre-des-aines\/wp-json\/wp\/v2\/posts\/1661","targetHints":{"allow":["GET"]}}],"collection":[{"href":"https:\/\/www.lepointensante.com\/colloque-pour-le-mieux-etre-des-aines\/wp-json\/wp\/v2\/posts"}],"about":[{"href":"https:\/\/www.lepointensante.com\/colloque-pour-le-mieux-etre-des-aines\/wp-json\/wp\/v2\/types\/post"}],"author":[{"embeddable":true,"href":"https:\/\/www.lepointensante.com\/colloque-pour-le-mieux-etre-des-aines\/wp-json\/wp\/v2\/users\/7"}],"replies":[{"embeddable":true,"href":"https:\/\/www.lepointensante.com\/colloque-pour-le-mieux-etre-des-aines\/wp-json\/wp\/v2\/comments?post=1661"}],"version-history":[{"count":7,"href":"https:\/\/www.lepointensante.com\/colloque-pour-le-mieux-etre-des-aines\/wp-json\/wp\/v2\/posts\/1661\/revisions"}],"predecessor-version":[{"id":1730,"href":"https:\/\/www.lepointensante.com\/colloque-pour-le-mieux-etre-des-aines\/wp-json\/wp\/v2\/posts\/1661\/revisions\/1730"}],"wp:attachment":[{"href":"https:\/\/www.lepointensante.com\/colloque-pour-le-mieux-etre-des-aines\/wp-json\/wp\/v2\/media?parent=1661"}],"wp:term":[{"taxonomy":"category","embeddable":true,"href":"https:\/\/www.lepointensante.com\/colloque-pour-le-mieux-etre-des-aines\/wp-json\/wp\/v2\/categories?post=1661"},{"taxonomy":"post_tag","embeddable":true,"href":"https:\/\/www.lepointensante.com\/colloque-pour-le-mieux-etre-des-aines\/wp-json\/wp\/v2\/tags?post=1661"}],"curies":[{"name":"wp","href":"https:\/\/api.w.org\/{rel}","templated":true}]}}