{"id":1663,"date":"2021-06-22T19:45:20","date_gmt":"2021-06-22T19:45:20","guid":{"rendered":"https:\/\/www.lepointensante.com\/colloque-pour-le-mieux-etre-des-aines\/?p=1663"},"modified":"2021-06-22T19:46:18","modified_gmt":"2021-06-22T19:46:18","slug":"atelier-3-6-promouvoir-la-bientraitance-des-personnes-ainees-en-milieu-dhebergement-grace-a-une-demarche-participative","status":"publish","type":"post","link":"https:\/\/www.lepointensante.com\/colloque-pour-le-mieux-etre-des-aines\/2021\/06\/22\/atelier-3-6-promouvoir-la-bientraitance-des-personnes-ainees-en-milieu-dhebergement-grace-a-une-demarche-participative\/","title":{"rendered":"Atelier 3-6 Promouvoir la bientraitance des personnes a\u00een\u00e9es en milieu d\u2019h\u00e9bergement gr\u00e2ce \u00e0 une d\u00e9marche participative"},"content":{"rendered":"<p>[et_pb_section fb_built=\u00a0\u00bb1&Prime; _builder_version=\u00a0\u00bb3.22&Prime;][et_pb_row _builder_version=\u00a0\u00bb3.25&Prime; background_size=\u00a0\u00bbinitial\u00a0\u00bb background_position=\u00a0\u00bbtop_left\u00a0\u00bb background_repeat=\u00a0\u00bbrepeat\u00a0\u00bb][et_pb_column type=\u00a0\u00bb4_4&Prime; _builder_version=\u00a0\u00bb3.25&Prime; custom_padding=\u00a0\u00bb|||\u00a0\u00bb custom_padding__hover=\u00a0\u00bb|||\u00a0\u00bb][et_pb_text _builder_version=\u00a0\u00bb4.0.10&Prime; background_size=\u00a0\u00bbinitial\u00a0\u00bb background_position=\u00a0\u00bbtop_left\u00a0\u00bb background_repeat=\u00a0\u00bbrepeat\u00a0\u00bb hover_enabled=\u00a0\u00bb0&Prime;]<div id=\"attachment_1601\" style=\"width: 310px\" class=\"wp-caption alignleft\"><img loading=\"lazy\" decoding=\"async\" aria-describedby=\"caption-attachment-1601\" class=\"wp-image-1601 size-medium\" src=\"https:\/\/www.lepointensante.com\/colloque-pour-le-mieux-etre-des-aines\/wp-content\/uploads\/sites\/16\/2021\/06\/AA2-300x300.jpg\" alt=\"\" width=\"300\" height=\"300\" \/><p id=\"caption-attachment-1601\" class=\"wp-caption-text\"><em><strong>Anna Andrianova<\/strong><\/em>, Coordonnatrice, professionnelle de recherche, Universit\u00e9 Laval<\/p><\/div><div id=\"attachment_1599\" style=\"width: 310px\" class=\"wp-caption alignleft\"><img loading=\"lazy\" decoding=\"async\" aria-describedby=\"caption-attachment-1599\" class=\"wp-image-1599 size-medium\" src=\"https:\/\/www.lepointensante.com\/colloque-pour-le-mieux-etre-des-aines\/wp-content\/uploads\/sites\/16\/2021\/06\/SS2-300x300.jpg\" alt=\"\" width=\"300\" height=\"300\" \/><p id=\"caption-attachment-1599\" class=\"wp-caption-text\"><em><strong>Sandra Smele<\/strong><\/em>, Professionnelle de recherche, Centre de recherche et d\u2019expertise en g\u00e9rontologie sociale du CIUSSS du Centre-Ouest-de-l\u2019\u00cele-de-Montr\u00e9al (CREG\u00c9S)<\/p><\/div><\/p>\n<p style=\"text-align: justify;\"><strong> Objectifs :<\/strong> D\u00e9crire la d\u00e9marche de valorisation des pratiques de bientraitance emprunt\u00e9e dans le cadre de notre recherche participative en milieu d\u2019h\u00e9bergement au Qu\u00e9bec.<\/p>\n<p style=\"text-align: justify;\"><strong>M\u00e9thodologie :<\/strong> Trois world caf\u00e9 (n=61), des cercles de bientraitance (n=19) et des entrevues individuelles semi-dirig\u00e9es (n=13) ont \u00e9t\u00e9 men\u00e9s dans un centre d\u2019h\u00e9bergement de soins de longue dur\u00e9e (CHSLD), une ressource interm\u00e9diaire (RI-RPA) et une r\u00e9sidence priv\u00e9e pour a\u00een\u00e9s (RPA) afin de d\u00e9finir la notion de bientraitance, de rep\u00e9rer les pratiques bientraitantes dans le milieu et d\u2019identifier les conditions gagnantes et les obstacles \u00e0 leur d\u00e9ploiement.<\/p>\n<p style=\"text-align: justify;\"><strong>R\u00e9sultats :<\/strong> Les r\u00e9sultats font ressortir que cette m\u00e9thode soutient l&rsquo;avancement de la bientraitance dans les milieux d\u2019h\u00e9bergement pour a\u00een\u00e9s. L\u2019adoption d\u2019une d\u00e9marche participative de mise en valeur des pratiques bientraitantes existantes dans leur milieu laisse une marge d\u2019autonomie, de cr\u00e9ation et d\u2019adaptation aux personnes concern\u00e9es (les a\u00een\u00e9s, leurs proches, les soignants et les gestionnaires) pour mieux les int\u00e9rioriser, les partager, les appliquer ou en b\u00e9n\u00e9ficier.<\/p>\n<p style=\"text-align: justify;\"><strong>Conclusions\/Implications :<\/strong> Nos r\u00e9sultats sugg\u00e8rent qu&rsquo;une application de cette d\u00e9marche pourrait contribuer \u00e0 reconstruire des relations, restaurer la confiance et produire des changements devenus incontournables dans les milieux d\u2019h\u00e9bergement au Qu\u00e9bec, \u00e0 la lumi\u00e8re du contexte pand\u00e9mique et de son impact d\u00e9vastateur chez les r\u00e9sidents, les familles et le personnel qui \u0153uvre dans ces milieux.<\/p>\n<p>[\/et_pb_text][\/et_pb_column][\/et_pb_row][\/et_pb_section]<\/p>\n","protected":false},"excerpt":{"rendered":"<p>Objectifs : D\u00e9crire la d\u00e9marche de valorisation des pratiques de bientraitance emprunt\u00e9e dans le cadre de notre recherche participative en milieu d\u2019h\u00e9bergement au Qu\u00e9bec. M\u00e9thodologie : Trois world caf\u00e9 (n=61), des cercles de bientraitance (n=19) et des entrevues individuelles semi-dirig\u00e9es (n=13) ont \u00e9t\u00e9 men\u00e9s dans un centre d\u2019h\u00e9bergement de soins de longue dur\u00e9e (CHSLD), une [&hellip;]<\/p>\n","protected":false},"author":7,"featured_media":0,"comment_status":"closed","ping_status":"closed","sticky":false,"template":"","format":"standard","meta":{"_et_pb_use_builder":"on","_et_pb_old_content":"[caption id=\"attachment_1601\" align=\"alignleft\" width=\"300\"]<img class=\"wp-image-1601 size-medium\" src=\"https:\/\/www.lepointensante.com\/colloque-pour-le-mieux-etre-des-aines\/wp-content\/uploads\/sites\/16\/2021\/06\/AA2-300x300.jpg\" alt=\"\" width=\"300\" height=\"300\" \/> <em><strong>Anna Andrianova<\/strong><\/em>, Coordonnatrice, professionnelle de recherche, Universit\u00e9 Laval[\/caption][caption id=\"attachment_1599\" align=\"alignleft\" width=\"300\"]<img class=\"wp-image-1599 size-medium\" src=\"https:\/\/www.lepointensante.com\/colloque-pour-le-mieux-etre-des-aines\/wp-content\/uploads\/sites\/16\/2021\/06\/SS2-300x300.jpg\" alt=\"\" width=\"300\" height=\"300\" \/> <em><strong>Sandra Smele<\/strong><\/em>, Professionnelle de recherche, Centre de recherche et d\u2019expertise en g\u00e9rontologie sociale du CIUSSS du Centre-Ouest-de-l\u2019\u00cele-de-Montr\u00e9al (CREG\u00c9S)[\/caption]<p><strong> Objectifs :<\/strong> D\u00e9crire la d\u00e9marche de valorisation des pratiques de bientraitance emprunt\u00e9e dans le cadre de notre recherche participative en milieu d\u2019h\u00e9bergement au Qu\u00e9bec.<\/p><p><strong>M\u00e9thodologie :<\/strong> Trois world caf\u00e9 (n=61), des cercles de bientraitance (n=19) et des entrevues individuelles semi-dirig\u00e9es (n=13) ont \u00e9t\u00e9 men\u00e9s dans un centre d\u2019h\u00e9bergement de soins de longue dur\u00e9e (CHSLD), une ressource interm\u00e9diaire (RI-RPA) et une r\u00e9sidence priv\u00e9e pour a\u00een\u00e9s (RPA) afin de d\u00e9finir la notion de bientraitance, de rep\u00e9rer les pratiques bientraitantes dans le milieu et d\u2019identifier les conditions gagnantes et les obstacles \u00e0 leur d\u00e9ploiement.<\/p><p><strong>R\u00e9sultats :<\/strong> Les r\u00e9sultats font ressortir que cette m\u00e9thode soutient l'avancement de la bientraitance dans les milieux d\u2019h\u00e9bergement pour a\u00een\u00e9s. L\u2019adoption d\u2019une d\u00e9marche participative de mise en valeur des pratiques bientraitantes existantes dans leur milieu laisse une marge d\u2019autonomie, de cr\u00e9ation et d\u2019adaptation aux personnes concern\u00e9es (les a\u00een\u00e9s, leurs proches, les soignants et les gestionnaires) pour mieux les int\u00e9rioriser, les partager, les appliquer ou en b\u00e9n\u00e9ficier.<\/p><p><strong>Conclusions\/Implications :<\/strong> Nos r\u00e9sultats sugg\u00e8rent qu'une application de cette d\u00e9marche pourrait contribuer \u00e0 reconstruire des relations, restaurer la confiance et produire des changements devenus incontournables dans les milieux d\u2019h\u00e9bergement au Qu\u00e9bec, \u00e0 la lumi\u00e8re du contexte pand\u00e9mique et de son impact d\u00e9vastateur chez les r\u00e9sidents, les familles et le personnel qui \u0153uvre dans ces milieux.<\/p>","_et_gb_content_width":"","_exactmetrics_skip_tracking":false,"_exactmetrics_sitenote_active":false,"_exactmetrics_sitenote_note":"","_exactmetrics_sitenote_category":0,"footnotes":""},"categories":[25,21],"tags":[],"class_list":["post-1663","post","type-post","status-publish","format-standard","hentry","category-ateliers","category-programmation"],"_links":{"self":[{"href":"https:\/\/www.lepointensante.com\/colloque-pour-le-mieux-etre-des-aines\/wp-json\/wp\/v2\/posts\/1663","targetHints":{"allow":["GET"]}}],"collection":[{"href":"https:\/\/www.lepointensante.com\/colloque-pour-le-mieux-etre-des-aines\/wp-json\/wp\/v2\/posts"}],"about":[{"href":"https:\/\/www.lepointensante.com\/colloque-pour-le-mieux-etre-des-aines\/wp-json\/wp\/v2\/types\/post"}],"author":[{"embeddable":true,"href":"https:\/\/www.lepointensante.com\/colloque-pour-le-mieux-etre-des-aines\/wp-json\/wp\/v2\/users\/7"}],"replies":[{"embeddable":true,"href":"https:\/\/www.lepointensante.com\/colloque-pour-le-mieux-etre-des-aines\/wp-json\/wp\/v2\/comments?post=1663"}],"version-history":[{"count":4,"href":"https:\/\/www.lepointensante.com\/colloque-pour-le-mieux-etre-des-aines\/wp-json\/wp\/v2\/posts\/1663\/revisions"}],"predecessor-version":[{"id":1667,"href":"https:\/\/www.lepointensante.com\/colloque-pour-le-mieux-etre-des-aines\/wp-json\/wp\/v2\/posts\/1663\/revisions\/1667"}],"wp:attachment":[{"href":"https:\/\/www.lepointensante.com\/colloque-pour-le-mieux-etre-des-aines\/wp-json\/wp\/v2\/media?parent=1663"}],"wp:term":[{"taxonomy":"category","embeddable":true,"href":"https:\/\/www.lepointensante.com\/colloque-pour-le-mieux-etre-des-aines\/wp-json\/wp\/v2\/categories?post=1663"},{"taxonomy":"post_tag","embeddable":true,"href":"https:\/\/www.lepointensante.com\/colloque-pour-le-mieux-etre-des-aines\/wp-json\/wp\/v2\/tags?post=1663"}],"curies":[{"name":"wp","href":"https:\/\/api.w.org\/{rel}","templated":true}]}}