{"id":1846,"date":"2021-09-07T14:13:05","date_gmt":"2021-09-07T14:13:05","guid":{"rendered":"https:\/\/www.lepointensante.com\/colloque-pour-le-mieux-etre-des-aines\/?p=1846"},"modified":"2021-09-07T14:41:08","modified_gmt":"2021-09-07T14:41:08","slug":"politique-dhebergement-et-de-soins-et-services-de-longue-duree-des-milieux-de-vie-qui-nous-ressemblent","status":"publish","type":"post","link":"https:\/\/www.lepointensante.com\/colloque-pour-le-mieux-etre-des-aines\/2021\/09\/07\/politique-dhebergement-et-de-soins-et-services-de-longue-duree-des-milieux-de-vie-qui-nous-ressemblent\/","title":{"rendered":"Politique d&rsquo;h\u00e9bergement et de soins et services de longue dur\u00e9e \u2013 Des milieux de vie qui nous ressemblent"},"content":{"rendered":"<p>[et_pb_section fb_built=\u00a0\u00bb1&Prime; _builder_version=\u00a0\u00bb3.22&Prime;][et_pb_row _builder_version=\u00a0\u00bb3.25&Prime; background_size=\u00a0\u00bbinitial\u00a0\u00bb background_position=\u00a0\u00bbtop_left\u00a0\u00bb background_repeat=\u00a0\u00bbrepeat\u00a0\u00bb][et_pb_column type=\u00a0\u00bb4_4&Prime; _builder_version=\u00a0\u00bb3.25&Prime; custom_padding=\u00a0\u00bb|||\u00a0\u00bb custom_padding__hover=\u00a0\u00bb|||\u00a0\u00bb][et_pb_text _builder_version=\u00a0\u00bb4.0.10&Prime; background_size=\u00a0\u00bbinitial\u00a0\u00bb background_position=\u00a0\u00bbtop_left\u00a0\u00bb background_repeat=\u00a0\u00bbrepeat\u00a0\u00bb]<div id=\"attachment_1837\" style=\"width: 310px\" class=\"wp-caption alignleft\"><img loading=\"lazy\" decoding=\"async\" aria-describedby=\"caption-attachment-1837\" class=\"wp-image-1837 size-medium\" src=\"https:\/\/www.lepointensante.com\/colloque-pour-le-mieux-etre-des-aines\/wp-content\/uploads\/sites\/16\/2021\/08\/NT2-300x300.jpg\" alt=\"\" width=\"300\" height=\"300\" \/><p id=\"caption-attachment-1837\" class=\"wp-caption-text\"><em><strong>Nathalie Tremblay<\/strong><\/em>, Conseill\u00e8re et adjointe ex\u00e9cutive \u00e0 la Direction des services aux ain\u00e9s, aux proches aidants et en ressources interm\u00e9diaires et de type familiale, Minist\u00e8re de la Sant\u00e9 et des Services sociaux<\/p><\/div><\/p>\n<p style=\"text-align: justify;\">Le 14 mai 2019, la ministre responsable des A\u00een\u00e9s et des Proches aidants, madame Marguerite Blais, lan\u00e7ait des travaux qui ont men\u00e9 \u00e0 l\u2019\u00e9laboration de la toute premi\u00e8re politique en mati\u00e8re d\u2019h\u00e9bergement et de soins de longue dur\u00e9e parue le 15 avril 2021.<\/p>\n<p style=\"text-align: justify;\">Bien que plusieurs options d\u2019h\u00e9bergement de soins de longue dur\u00e9e soient disponibles au Qu\u00e9bec, jusqu\u2019\u00e0 maintenant, aucun gouvernement ne s\u2019\u00e9tait dot\u00e9 d\u2019orientations g\u00e9n\u00e9rales pouvant s\u2019appliquer \u00e0 tous les types d\u2019h\u00e9bergement de soins de longue dur\u00e9e ainsi qu\u2019\u00e0 toutes les client\u00e8les susceptibles d\u2019y r\u00e9sider.<\/p>\n<p style=\"text-align: justify;\">La politique d\u2019h\u00e9bergement de soins et de services de longue dur\u00e9e propose une vision et des assises qui visent \u00e0 d\u00e9velopper un mod\u00e8le d\u2019h\u00e9bergement novateur. Celui-ci exige de tout mettre en place afin d\u2019assurer la qualit\u00e9 de vie et le mieux-\u00eatre de toutes les personnes h\u00e9berg\u00e9es, qu\u2019ils soient a\u00een\u00e9s en perte d\u2019autonomie, avec une d\u00e9ficience intellectuelle ou physique, vivant avec un trouble neurocognitif majeur, un trouble du spectre de l\u2019autisme, un probl\u00e8me de sant\u00e9 mentale ou une d\u00e9pendance.<\/p>\n<p style=\"text-align: justify;\">Par la vision qu\u2019elle \u00e9nonce, cette politique vise aussi \u00e0 ce qu\u2019un parcours en h\u00e9bergement de longue dur\u00e9e soit en continuit\u00e9 avec l\u2019histoire de vie et respecte les valeurs, les pr\u00e9f\u00e9rences, la culture et les besoins de la personne h\u00e9berg\u00e9e. Les milieux de vie doivent \u00eatre des lieux ou les personnes h\u00e9berg\u00e9es pourront se sentir chez elle et leurs proches auront la possibilit\u00e9 de s\u2019y impliquer et de se sentir bienvenues.<\/p>\n<p style=\"text-align: justify;\">Avec la contribution de tous les acteurs concern\u00e9s et d\u2019une communaut\u00e9 engag\u00e9e, les milieux d\u2019h\u00e9bergement de longue dur\u00e9e, pourront devenir des milieux dont nous seront fiers, collectivement.<\/p>\n<p>[\/et_pb_text][\/et_pb_column][\/et_pb_row][\/et_pb_section]<\/p>\n","protected":false},"excerpt":{"rendered":"<p>Le 14 mai 2019, la ministre responsable des A\u00een\u00e9s et des Proches aidants, madame Marguerite Blais, lan\u00e7ait des travaux qui ont men\u00e9 \u00e0 l\u2019\u00e9laboration de la toute premi\u00e8re politique en mati\u00e8re d\u2019h\u00e9bergement et de soins de longue dur\u00e9e parue le 15 avril 2021. Bien que plusieurs options d\u2019h\u00e9bergement de soins de longue dur\u00e9e soient disponibles [&hellip;]<\/p>\n","protected":false},"author":7,"featured_media":0,"comment_status":"closed","ping_status":"closed","sticky":false,"template":"","format":"standard","meta":{"_et_pb_use_builder":"on","_et_pb_old_content":"[caption id=\"attachment_1837\" align=\"alignleft\" width=\"300\"]<img class=\"wp-image-1837 size-medium\" src=\"https:\/\/www.lepointensante.com\/colloque-pour-le-mieux-etre-des-aines\/wp-content\/uploads\/sites\/16\/2021\/08\/NT2-300x300.jpg\" alt=\"\" width=\"300\" height=\"300\" \/> <em><strong>Nathalie Tremblay<\/strong><\/em>, Conseill\u00e8re et adjointe ex\u00e9cutive \u00e0 la Direction des services aux ain\u00e9s, aux proches aidants et en ressources interm\u00e9diaires et de type familiale, Minist\u00e8re de la Sant\u00e9 et des Services sociaux[\/caption]<p>Le 14 mai 2019, la ministre responsable des A\u00een\u00e9s et des Proches aidants, madame Marguerite Blais, lan\u00e7ait des travaux qui ont men\u00e9 \u00e0 l\u2019\u00e9laboration de la toute premi\u00e8re politique en mati\u00e8re d\u2019h\u00e9bergement et de soins de longue dur\u00e9e parue le 15 avril 2021.<\/p><p>Bien que plusieurs options d\u2019h\u00e9bergement de soins de longue dur\u00e9e soient disponibles au Qu\u00e9bec, jusqu\u2019\u00e0 maintenant, aucun gouvernement ne s\u2019\u00e9tait dot\u00e9 d\u2019orientations g\u00e9n\u00e9rales pouvant s\u2019appliquer \u00e0 tous les types d\u2019h\u00e9bergement de soins de longue dur\u00e9e ainsi qu\u2019\u00e0 toutes les client\u00e8les susceptibles d\u2019y r\u00e9sider.<\/p><p>La politique d\u2019h\u00e9bergement de soins et de services de longue dur\u00e9e propose une vision et des assises qui visent \u00e0 d\u00e9velopper un mod\u00e8le d\u2019h\u00e9bergement novateur. Celui-ci exige de tout mettre en place afin d\u2019assurer la qualit\u00e9 de vie et le mieux-\u00eatre de toutes les personnes h\u00e9berg\u00e9es, qu\u2019ils soient a\u00een\u00e9s en perte d\u2019autonomie, avec une d\u00e9ficience intellectuelle ou physique, vivant avec un trouble neurocognitif majeur, un trouble du spectre de l\u2019autisme, un probl\u00e8me de sant\u00e9 mentale ou une d\u00e9pendance.<\/p><p>Par la vision qu\u2019elle \u00e9nonce, cette politique vise aussi \u00e0 ce qu\u2019un parcours en h\u00e9bergement de longue dur\u00e9e soit en continuit\u00e9 avec l\u2019histoire de vie et respecte les valeurs, les pr\u00e9f\u00e9rences, la culture et les besoins de la personne h\u00e9berg\u00e9e. Les milieux de vie doivent \u00eatre des lieux ou les personnes h\u00e9berg\u00e9es pourront se sentir chez elle et leurs proches auront la possibilit\u00e9 de s\u2019y impliquer et de se sentir bienvenues.<\/p><p>Avec la contribution de tous les acteurs concern\u00e9s et d\u2019une communaut\u00e9 engag\u00e9e, les milieux d\u2019h\u00e9bergement de longue dur\u00e9e, pourront devenir des milieux dont nous seront fiers, collectivement.<\/p>","_et_gb_content_width":"","_exactmetrics_skip_tracking":false,"_exactmetrics_sitenote_active":false,"_exactmetrics_sitenote_note":"","_exactmetrics_sitenote_category":0,"footnotes":""},"categories":[26,21],"tags":[],"class_list":["post-1846","post","type-post","status-publish","format-standard","hentry","category-conferences-programmation","category-programmation"],"_links":{"self":[{"href":"https:\/\/www.lepointensante.com\/colloque-pour-le-mieux-etre-des-aines\/wp-json\/wp\/v2\/posts\/1846","targetHints":{"allow":["GET"]}}],"collection":[{"href":"https:\/\/www.lepointensante.com\/colloque-pour-le-mieux-etre-des-aines\/wp-json\/wp\/v2\/posts"}],"about":[{"href":"https:\/\/www.lepointensante.com\/colloque-pour-le-mieux-etre-des-aines\/wp-json\/wp\/v2\/types\/post"}],"author":[{"embeddable":true,"href":"https:\/\/www.lepointensante.com\/colloque-pour-le-mieux-etre-des-aines\/wp-json\/wp\/v2\/users\/7"}],"replies":[{"embeddable":true,"href":"https:\/\/www.lepointensante.com\/colloque-pour-le-mieux-etre-des-aines\/wp-json\/wp\/v2\/comments?post=1846"}],"version-history":[{"count":5,"href":"https:\/\/www.lepointensante.com\/colloque-pour-le-mieux-etre-des-aines\/wp-json\/wp\/v2\/posts\/1846\/revisions"}],"predecessor-version":[{"id":1855,"href":"https:\/\/www.lepointensante.com\/colloque-pour-le-mieux-etre-des-aines\/wp-json\/wp\/v2\/posts\/1846\/revisions\/1855"}],"wp:attachment":[{"href":"https:\/\/www.lepointensante.com\/colloque-pour-le-mieux-etre-des-aines\/wp-json\/wp\/v2\/media?parent=1846"}],"wp:term":[{"taxonomy":"category","embeddable":true,"href":"https:\/\/www.lepointensante.com\/colloque-pour-le-mieux-etre-des-aines\/wp-json\/wp\/v2\/categories?post=1846"},{"taxonomy":"post_tag","embeddable":true,"href":"https:\/\/www.lepointensante.com\/colloque-pour-le-mieux-etre-des-aines\/wp-json\/wp\/v2\/tags?post=1846"}],"curies":[{"name":"wp","href":"https:\/\/api.w.org\/{rel}","templated":true}]}}